{"id":2178,"date":"2024-09-03T04:08:47","date_gmt":"2024-09-03T04:08:47","guid":{"rendered":"https:\/\/metzineres.org\/derribando_muros_y_uniendo_nuestras_voces_en_el_di\/"},"modified":"2024-12-30T23:47:50","modified_gmt":"2024-12-30T23:47:50","slug":"enderrocant_murs_i_unint_les_nostres_veus_en_el_di","status":"publish","type":"post","link":"http:\/\/metzineres.org\/ca\/enderrocant_murs_i_unint_les_nostres_veus_en_el_di\/","title":{"rendered":"Enderrocant murs i unint les nostres veus en el Dia Internacional de Conscienciaci\u00f3 sobre les Sobredosis"},"content":{"rendered":"<h5>Per Sophia Vargas<\/h5>\n<p>El 31 d&#8217;agost va marcar una jornada transcendent dedicada a la\u00a0<strong>reflexi\u00f3, la mem\u00f2ria i l&#8217;acci\u00f3 sobre un tema que segueix sent un repte global: la sobredosi.<\/strong>\u00a0Aquesta data, coneguda com el Dia Internacional de Conscienciaci\u00f3 sobre les Sobredosis, busca\u00a0<strong>trencar l&#8217;estigma que ens envolta a les persones usu\u00e0ries de subst\u00e0ncies, promoure la prevenci\u00f3 i recordar aquelles que han perdut la vida a causa d&#8217;aquesta causa.<\/strong><\/p>\n<p>El dia es va originar a Austr\u00e0lia l&#8217;any 2001 i, des de llavors, ha crescut fins a convertir-se en un moviment global. Organitzacions comunit\u00e0ries, ONGs, centres de salut i grups de consumidors de tot el m\u00f3n han adoptat aquesta data per realitzar actes que busquen\u00a0<strong>reduir l&#8217;estigmatitzaci\u00f3 i proporcionar informaci\u00f3 essencial sobre com prevenir la sobredosi i donar suport a les persones en risc.<\/strong><\/p>\n<p>Aquest any, les Metzineres ens hem unit a la Xarxa de Dones que Usen Drogues (XADUD), Catalan Network of People who Use Drugs (CATNPUD) i Red de Feministas Antiprohibicionistas en el \u00c1mbito de las Drogas (REMA) per crear un gran acte\u00a0<strong>en mem\u00f2ria de les persones mortes per sobredosi<\/strong>\u00a0a la pla\u00e7a Emili Vendrell. Durant aquesta jornada de reivindicaci\u00f3 hem al\u00e7at la veu amb missatges clau. Entre ells, es va destacar la necessitat de\u00a0<strong>crear m\u00e9s sales de consum acompanyat: espais segurs on les persones podem consumir, cosa que redueix significativament les morts per sobredosi.<\/strong><\/p>\n<p>Un altre dels punts abordats va ser la import\u00e0ncia de millorar la resposta del primer intervinent. Moltes persones usu\u00e0ries hem presenciat o experimentat sobredosis, cosa que ens converteix en els primers respondents davant d&#8217;una emerg\u00e8ncia d&#8217;aquest tipus. Es va insistir en la necessitat que<strong>\u00a0estiguem informats tant nosaltres com els nostres amics i familiars. Aix\u00ed com la venda de Naloxona lliure i la disposici\u00f3 de Naloxona nasal,<\/strong>\u00a0un antagonista per revertir les sobredosis d&#8217;opiacis.<\/p>\n<p>Les activitats commemoratives tamb\u00e9 van incloure una crida urgent a trencar l&#8217;estigma social que envolta les persones usu\u00e0ries de drogues.\u00a0<strong>L&#8217;estigma no nom\u00e9s ens a\u00eflla, sin\u00f3 que tamb\u00e9 contribueix a que moltes persones morin soles, sense suport ni assist\u00e8ncia.<\/strong>\u00a0Es va fer \u00e8mfasi que l&#8217;estigma continua cobrant v\u00edctimes, i que eliminar-lo \u00e9s una responsabilitat compartida per tota la societat.<\/p>\n<p>Durant la jornada es van repartir xapes\u00a0<strong>en mem\u00f2ria de les v\u00edctimes de la guerra contra les drogues,<\/strong>\u00a0realitzades per Metzineres, i es van llegir textos que van ressonar entre els presents. Jordi Parramon de CATNPUD i Manu Benedetto de la XADUD van compartir les seves paraules que van recordar la import\u00e0ncia de la lluita antiprohibicionista, mentre que Tania Quintana de Metzineres va presentar un rap titulat &#8220;Obrir les Ales&#8221;, ple de for\u00e7a i esperan\u00e7a.<\/p>\n<p>La jornada va concloure amb un Mapping a c\u00e0rrec de Kostia, on el logotip del Dia Internacional de Conscienciaci\u00f3 sobre les Sobredosis va il\u00b7luminar els murs, juntament amb els noms de totes les persones mortes per sobredosi. Va ser un moment de silenci, respecte i reflexi\u00f3, on cada nom projectat va representar una vida perduda, per\u00f2 tamb\u00e9 una crida a l&#8217;acci\u00f3.<\/p>\n<p><strong>Aquest dia, les veus es van al\u00e7ar per exigir legalitat, conscienciaci\u00f3 i distribuci\u00f3 de Naloxona per a totes les persones usu\u00e0ries de subst\u00e0ncies, juntament amb m\u00e9s espais de testatge i consum acompanyat.<\/strong><br \/>\n<strong>\u00a0<\/strong><br \/>\n<strong>&#8220;Menys morts, m\u00e9s informaci\u00f3&#8221;<\/strong>\u00a0va ser el lema que va quedar gravat en la mem\u00f2ria col\u00b7lectiva al final de la jornada. Un recordatori que la lluita continua, i que l&#8217;empatia, el coneixement i l&#8217;acci\u00f3 s\u00f3n les nostres millors eines per prevenir m\u00e9s p\u00e8rdues d&#8217;amics, familiars o ve\u00efns.<\/p>\n<h5>Fotografies: Andre Gaetano, Fot\u00f2grafa Metzineres<\/h5>\n","protected":false},"excerpt":{"rendered":"<p>Per Sophia Vargas El 31 d&#8217;agost va marcar una jornada transcendent dedicada a la\u00a0reflexi\u00f3, la mem\u00f2ria i l&#8217;acci\u00f3 sobre un tema que segueix sent un repte global: la sobredosi.\u00a0Aquesta data, coneguda com el Dia Internacional de Conscienciaci\u00f3 sobre les Sobredosis, busca\u00a0trencar l&#8217;estigma que ens envolta a les persones usu\u00e0ries de subst\u00e0ncies, promoure la prevenci\u00f3 i [&hellip;]<\/p>\n","protected":false},"author":1,"featured_media":1842,"comment_status":"open","ping_status":"open","sticky":false,"template":"","format":"standard","meta":{"footnotes":"","_links_to":"","_links_to_target":""},"categories":[57],"tags":[],"class_list":["post-2178","post","type-post","status-publish","format-standard","has-post-thumbnail","hentry","category-publicacions"],"_links":{"self":[{"href":"http:\/\/metzineres.org\/ca\/wp-json\/wp\/v2\/posts\/2178","targetHints":{"allow":["GET"]}}],"collection":[{"href":"http:\/\/metzineres.org\/ca\/wp-json\/wp\/v2\/posts"}],"about":[{"href":"http:\/\/metzineres.org\/ca\/wp-json\/wp\/v2\/types\/post"}],"author":[{"embeddable":true,"href":"http:\/\/metzineres.org\/ca\/wp-json\/wp\/v2\/users\/1"}],"replies":[{"embeddable":true,"href":"http:\/\/metzineres.org\/ca\/wp-json\/wp\/v2\/comments?post=2178"}],"version-history":[{"count":1,"href":"http:\/\/metzineres.org\/ca\/wp-json\/wp\/v2\/posts\/2178\/revisions"}],"predecessor-version":[{"id":2182,"href":"http:\/\/metzineres.org\/ca\/wp-json\/wp\/v2\/posts\/2178\/revisions\/2182"}],"wp:featuredmedia":[{"embeddable":true,"href":"http:\/\/metzineres.org\/ca\/wp-json\/wp\/v2\/media\/1842"}],"wp:attachment":[{"href":"http:\/\/metzineres.org\/ca\/wp-json\/wp\/v2\/media?parent=2178"}],"wp:term":[{"taxonomy":"category","embeddable":true,"href":"http:\/\/metzineres.org\/ca\/wp-json\/wp\/v2\/categories?post=2178"},{"taxonomy":"post_tag","embeddable":true,"href":"http:\/\/metzineres.org\/ca\/wp-json\/wp\/v2\/tags?post=2178"}],"curies":[{"name":"wp","href":"https:\/\/api.w.org\/{rel}","templated":true}]}}