{"id":2605,"date":"2024-06-05T22:19:47","date_gmt":"2024-06-05T22:19:47","guid":{"rendered":"https:\/\/metzineres.org\/lila_fest_rocking_the_stage_and_shattering_stigma\/"},"modified":"2025-01-16T22:26:16","modified_gmt":"2025-01-16T22:26:16","slug":"lila_fest_fent_vibrar_lescenari_i_trencant_lestigm","status":"publish","type":"post","link":"http:\/\/metzineres.org\/ca\/lila_fest_fent_vibrar_lescenari_i_trencant_lestigm\/","title":{"rendered":"Lila Fest: fent vibrar l&#8217;escenari i trencant l&#8217;estigma"},"content":{"rendered":"<div class=\"post-prev-text\">\n<h6>Per Sophia Vargas<\/h6>\n<p>&#8220;Aquest m\u00f3n camina, \u00e9s molt violent. Cremar el natural, cremar el m\u00f3n, cremar el sistema, per tornar a comen\u00e7ar..&#8221;, rapejava la Tania, una Metzinera, sobre un escenari de fusta. Les seves rimes s\u2019acumulaven una rere l&#8217;altra disposades a trencar estereotips i enfrontar-se a les diferents formes de viol\u00e8ncia, en el que va ser la primera edici\u00f3 del Lila Fest, el passat dissabte 25 de maig al Parc de l&#8217;Estaci\u00f3 del Nord a Barcelona.<\/p>\n<p>Com un epicentre de\u00a0<strong>resist\u00e8ncia, sororitat i uni\u00f3,<\/strong>\u00a0des de les onze del mat\u00ed fins a les vuit del vespre, el Lila Fest es va erigir com un espai dedicat a visibilitzar i\u00a0<strong>combatre les viol\u00e8ncies masclistes<\/strong>\u00a0a trav\u00e9s d&#8217;activitats culturals, art\u00edstiques i comunit\u00e0ries.<\/p>\n<p>La connexi\u00f3 de la Tania amb els presents es va donar a trav\u00e9s de cada rima. La seva energia i passi\u00f3 es van desplegar a trav\u00e9s de la seva m\u00fasica, per despr\u00e9s donar pas a la Luana, una altra Metzinera, que entre sevillanes i zapateados ens va fer rec\u00f3rrer un flamenc que resignifica el dolor, posant-se a la pell de milers de donxs. La seva actuaci\u00f3 va ser un testimoni de\u00a0<strong>resili\u00e8ncia i reinvenci\u00f3<\/strong>, reflectint la seva capacitat per superar adversitats.<\/p>\n<p>Per\u00f2 el talent de la Luana no nom\u00e9s est\u00e0 en el ball, l&#8217;artista tamb\u00e9 va dissenyar i confeccionar la seva pr\u00f2pia roba per a l&#8217;ocasi\u00f3: un vestit de color negre amb acabats daurats, de textura brillant i amb grans serrells. Un mocador sevill\u00e0 completava el seu vestuari.<\/p>\n<p>Com la Luana i la Tania,\u00a0<strong>les Metzineres som protagonistes dels espais que habitem,<\/strong>\u00a0i aquest no va ser l&#8217;excepci\u00f3. Vam anar al Lila Fest amb un objectiu clar:\u00a0<strong>fer vibrar l&#8217;escenari, i trencar l&#8217;estigma. Perqu\u00e8 somiem un m\u00f3n on les causes estructurals d&#8217;exclusi\u00f3 siguin eliminades i que totes tinguem drets a una vida plena, digna i lliure de viol\u00e8ncies, independentment de la ra\u00e7a, la classe, la condici\u00f3 migrat\u00f2ria, la situaci\u00f3 laboral o les eleccions en relaci\u00f3 al consum de subst\u00e0ncies, i una manera de fer-ho \u00e9s a trav\u00e9s de l&#8217;art.<\/strong><\/p>\n<p>Durant tota la jornada, el festival va oferir una varietat d&#8217;activitats que van incloure tallers, debats, teatre, dansa, m\u00fasica en viu i exposicions. Vam tenir l&#8217;oportunitat d&#8217;al\u00e7ar la nostra veu a &#8220;R\u00e0dio Lila Fest&#8221;, un espai de programes i podcasts en viu, on vam compartir amb locutors i locutores de r\u00e0dio i militants del moviment feminista.<\/p>\n<p>L&#8217;\u00e8xit d&#8217;aquesta primera edici\u00f3 del Lila Fest ha generat un entusiasme palpable per futures edicions.\u00a0<strong>Vam celebrar les diverses formes d&#8217;expressi\u00f3 art\u00edstica, vam reafirmar la import\u00e0ncia de lluitar contra les viol\u00e8ncies masclistes i construir un m\u00f3n m\u00e9s just i equitatiu per a tothom.<\/strong><\/p>\n<p>Sens dubte, el Lila Fest ha marcat l&#8217;inici d&#8217;una revoluci\u00f3 cultural i social que seguir\u00e0 creixent.<\/p>\n<h5>Fotografies: Andre Gaetano, Fot\u00f2grafa Metzineres.<\/h5>\n<\/div>\n<div class=\"post-prev-more-cont clearfix\">\n<div class=\"post-prev-more left\"><\/div>\n<\/div>\n","protected":false},"excerpt":{"rendered":"<p>Per Sophia Vargas &#8220;Aquest m\u00f3n camina, \u00e9s molt violent. Cremar el natural, cremar el m\u00f3n, cremar el sistema, per tornar a comen\u00e7ar..&#8221;, rapejava la Tania, una Metzinera, sobre un escenari de fusta. Les seves rimes s\u2019acumulaven una rere l&#8217;altra disposades a trencar estereotips i enfrontar-se a les diferents formes de viol\u00e8ncia, en el que va [&hellip;]<\/p>\n","protected":false},"author":1,"featured_media":2600,"comment_status":"open","ping_status":"open","sticky":false,"template":"","format":"standard","meta":{"footnotes":"","_links_to":"","_links_to_target":""},"categories":[57],"tags":[],"class_list":["post-2605","post","type-post","status-publish","format-standard","has-post-thumbnail","hentry","category-publicacions"],"_links":{"self":[{"href":"http:\/\/metzineres.org\/ca\/wp-json\/wp\/v2\/posts\/2605","targetHints":{"allow":["GET"]}}],"collection":[{"href":"http:\/\/metzineres.org\/ca\/wp-json\/wp\/v2\/posts"}],"about":[{"href":"http:\/\/metzineres.org\/ca\/wp-json\/wp\/v2\/types\/post"}],"author":[{"embeddable":true,"href":"http:\/\/metzineres.org\/ca\/wp-json\/wp\/v2\/users\/1"}],"replies":[{"embeddable":true,"href":"http:\/\/metzineres.org\/ca\/wp-json\/wp\/v2\/comments?post=2605"}],"version-history":[{"count":1,"href":"http:\/\/metzineres.org\/ca\/wp-json\/wp\/v2\/posts\/2605\/revisions"}],"predecessor-version":[{"id":2606,"href":"http:\/\/metzineres.org\/ca\/wp-json\/wp\/v2\/posts\/2605\/revisions\/2606"}],"wp:featuredmedia":[{"embeddable":true,"href":"http:\/\/metzineres.org\/ca\/wp-json\/wp\/v2\/media\/2600"}],"wp:attachment":[{"href":"http:\/\/metzineres.org\/ca\/wp-json\/wp\/v2\/media?parent=2605"}],"wp:term":[{"taxonomy":"category","embeddable":true,"href":"http:\/\/metzineres.org\/ca\/wp-json\/wp\/v2\/categories?post=2605"},{"taxonomy":"post_tag","embeddable":true,"href":"http:\/\/metzineres.org\/ca\/wp-json\/wp\/v2\/tags?post=2605"}],"curies":[{"name":"wp","href":"https:\/\/api.w.org\/{rel}","templated":true}]}}