{"id":4495,"date":"2025-05-06T17:25:13","date_gmt":"2025-05-06T17:25:13","guid":{"rendered":"https:\/\/metzineres.org\/?p=4495"},"modified":"2025-05-09T07:35:14","modified_gmt":"2025-05-09T07:35:14","slug":"metzineres-a-hr25-no-vam-demanar-una-cadira-vam-construir-una-nova-taula","status":"publish","type":"post","link":"http:\/\/metzineres.org\/ca\/metzineres-a-hr25-no-vam-demanar-una-cadira-vam-construir-una-nova-taula\/","title":{"rendered":"Metzineres a HR25: No Vam Demanar una cadira\u2014Vam Construir una Nova Taula"},"content":{"rendered":"<p>La Confer\u00e8ncia Internacional de Reducci\u00f3 de Danys 2025, titulada \u201cSembrant canvi per collir just\u00edcia\u201d, celebrada a Bogot\u00e0, Col\u00f2mbia, es va convertir en un espai vibrant d&#8217;articulaci\u00f3 pol\u00edtica, coneixement situat i acci\u00f3 col\u00b7lectiva. Aquest any, Metzineres no nom\u00e9s va estar present: va interrompre, va q\u00fcestionar i va reimaginar el paradigma global de la reducci\u00f3 de danys.<\/p>\n<p>Des del primer dia, la nostra participaci\u00f3 va ser poderosa. Silvie Ojeda, la nostra Directora de Comunicaci\u00f3 i Defensa, va portar la veu cr\u00edtica de les comunitats oprimides en territoris colonitzats a la plen\u00e0ria inaugural: \u201cDesentranyant el Poder: Confrontant el Racisme, el Patriarcat i el Control Colonial\u201d, on va compartir espai amb Sam Rivera com a moderador, Al\u00ed Bant\u00fa Ashanti de Colectivo Justicia Racial, Col\u00f2mbia, Kojo Koram de Birkbeck College, University of London, Regne Unit, i Kokila Annamalai de Transformative Justice Collective, Singapur. Des de l\u2019escenari, va denunciar com les estructures colonials sostenen la guerra contra les drogues \u2014 una guerra que, a trav\u00e9s de la militaritzaci\u00f3, fereix, exclou i mata vides innocents amb un impacte desproporcionat en persones racialitzades, empobrides, dones i comunitats de g\u00e8nere expansiu. La seva intervenci\u00f3 va sacsejar el p\u00fablic i els va desafiar a repensar quins cossos s\u00f3n considerats dignes de pol\u00edtica p\u00fablica i quins romanen criminalitzats.<\/p>\n<p>Aquell mateix dia, la directora fundadora Aura Roig va participar en una sessi\u00f3 paral\u00b7lela organitzada per l&#8217;UNODC, centrada en bones pr\u00e0ctiques que aborden la viol\u00e8ncia de g\u00e8nere contra dones i persones de g\u00e8nere expansiu que usen drogues. Amb claredat i for\u00e7a, va destacar com les respostes institucionals sovint reprodueixen m\u00e9s danys que cures, afirmant que la reducci\u00f3 de danys tamb\u00e9 ha de ser una eina feminista contra la viol\u00e8ncia masclista. El dimarts, Aura va intervenir novament en un panell central sobre perspectives de g\u00e8nere en la reducci\u00f3 de danys, juntament amb companyes internacionals com Judy Chang i Wangari Kimemia. Va posicionar l&#8217;enfocament interseccional i comunitari de Metzineres com una alternativa disruptiva als models biom\u00e8dics dominants \u2014 un on la cura \u00e9s pol\u00edtica, col\u00b7lectiva i alliberadora.<\/p>\n<p>Mentrestant, Silvie Ojeda va participar en una emissi\u00f3 especial de r\u00e0dio de \u201cDosis M\u00ednima\u201d organitzada pel mitj\u00e0 colombi\u00e0 Mutante, on va emfatitzar que m\u00e9s enll\u00e0 de les subst\u00e0ncies, \u00e9s l&#8217;exclusi\u00f3 i la pobresa el que genera discriminaci\u00f3. Minuts despr\u00e9s, es va unir a \u201cDones Psicoactives\u201d, liderat per l&#8217;Institut RIA de M\u00e8xic, on va explorar com les pol\u00edtiques de drogues impacten desproporcionadament a dones i persones de g\u00e8nere expansiu. En aquests espais, la comunicaci\u00f3 es va convertir en un acte radical \u2014 on les experi\u00e8ncies viscudes i les reflexions col\u00b7lectives van ressonar veritats rarament amplificades.<\/p>\n<p>A la tarda, Metzineres va participar en dos esdeveniments cr\u00edtics. En un di\u00e0leg organitzat pel Govern de Col\u00f2mbia i presidit per Alexander Rivera del Ministeri de Just\u00edcia, titulat \u201cReducci\u00f3 de danys de gran espectre: qu\u00e8 \u00e9s, com es concreta i quins desafiaments planteja?\u201d, aquest espai va ser clau per enfortir l&#8217;enfocament social de la Pol\u00edtica de Drogues, integrant determinants socials, perspectiva de g\u00e8nere, interseccionalitat i inclusi\u00f3. Vam intercanviar experi\u00e8ncies que van ajudar a consolidar una pol\u00edtica basada en la cura, la inclusi\u00f3 i la reducci\u00f3 de vulnerabilitats. Ens vam reunir amb amigues de llarg temps com Liz Evans, In\u00e9s Elvira Mej\u00eda, Sarah Evans, Ester Aranda i Jamel Lazic. Juntes vam compartir una visi\u00f3 basada en drets modelada per l&#8217;experi\u00e8ncia viscuda i el coneixement local, afirmant que la reducci\u00f3 de danys no \u00e9s nom\u00e9s sobre drogues \u2014 \u00e9s sobre habitatge, just\u00edcia racial, just\u00edcia econ\u00f2mica i m\u00e9s. Tamb\u00e9 es va emfatitzar la limitaci\u00f3 de veure la reducci\u00f3 de danys com a estrat\u00e8gies a\u00efllades, especialment considerant que Col\u00f2mbia t\u00e9 una rica hist\u00f2ria de treball comunitari i centrat en les persones. En aquest sentit, s&#8217;incorporaran lli\u00e7ons apreses d&#8217;Europa, sense repetir els mateixos errors.<\/p>\n<p>M\u00e9s tard, Aura va presidir la sessi\u00f3 sobre sales de consum de drogues on experi\u00e8ncies de diferents territoris van compartir idees per construir estrat\u00e8gies de defensa, aliances i models sostenibles que col\u00b7loquin els usuaris al centre de la presa de decisions.<\/p>\n<p>El dimecres, Metzineres va continuar amb una forta pres\u00e8ncia. En una sessi\u00f3 organitzada per IPPF i AWID sobre enfocaments feministes en salut i drets sexuals i reproductius, Silvie va parlar sobre com la nostra comunitat teixeix desig, plaer, reducci\u00f3 de danys i sobirania corporal. Tamb\u00e9 va presentar dades sobre l&#8217;impacte desproporcionat de la guerra contra les drogues en dones, nenes i persones de g\u00e8nere divers. Finalment, en una sessi\u00f3 sobre la criminalitzaci\u00f3 i viol\u00e8ncia policial contra dones negres, Silvie va denunciar fermament la viol\u00e8ncia sist\u00e8mica que suporten les nostres germanes i va cridar a una solidaritat radical, activa i compromesa amb la vida digna.<\/p>\n<p>El que Metzineres va portar a HR25 no va ser nom\u00e9s participaci\u00f3 \u2014 va ser transformaci\u00f3. Van desafiar el p\u00fablic a ser m\u00e9s valent. Van exigir que la reducci\u00f3 de danys realment signifiqui inclusi\u00f3. Van recordar al m\u00f3n que la cura \u00e9s pol\u00edtica \u2014 i que aquelles m\u00e9s criminalitzades tamb\u00e9 s\u00f3n les m\u00e9s capacitades per liderar. A Bogot\u00e0, Metzineres no va demanar un seient a la taula. Va construir-ne una de nova \u2014 i va convidar a tothom a seure, escoltar i actuar.<\/p>\n<p>A la Confer\u00e8ncia Internacional de Reducci\u00f3 de Danys 2025, va ser profundament emotiu veure que tots els premis principals fossin atorgats a dones la feina incansable de les quals no nom\u00e9s ha impulsat el moviment global de reducci\u00f3 de danys, sin\u00f3 que tamb\u00e9 ha nodrit i acompanyat directament Metzineres. La dedicaci\u00f3 inquebrantable d&#8217;In\u00e9s Elvira Mej\u00eda Motta per construir pol\u00edtiques de drogues inclusives a l\u2019Am\u00e8rica Llatina ha estat una guia per a la nostra pr\u00f2pia incid\u00e8ncia, oferint-nos suport estrat\u00e8gic i un escalf sincer al llarg dels anys. El lideratge valent de Judy Chang, centrant les veus de les persones que usen drogues, ens ha inspirat a mantenir-nos fermes i sense demanar perd\u00f3 en les nostres demandes de dignitat i drets. Liz Evans, pionera en l\u2019atenci\u00f3 compassiva, ens ha mostrat qu\u00e8 significa construir amb integritat, empatia i visi\u00f3 a llarg termini\u2014recordant-nos sempre que les persones han d\u2019estar al centre. I Sue Purchase, amb la seva for\u00e7a des de la base i el seu comprom\u00eds amb la germanor a trav\u00e9s de Harm Reduction Sisters, ens ha ensenyat la pot\u00e8ncia de la cura col\u00b7lectiva i el potencial transformador d\u2019una reducci\u00f3 de danys feminista en acci\u00f3. Aquests premis s\u00f3n m\u00e9s que un reconeixement: s\u00f3n un homenatge a les dones que ens han sostingut, que han caminat al nostre costat i que ens recorden que un altre m\u00f3n no nom\u00e9s \u00e9s possible, sin\u00f3 que ja est\u00e0 en marxa.<\/p>\n<p>Us convidem a veure fotos i v\u00eddeos d&#8217;aquest inspirador viatge.<\/p>\n<p>&nbsp;<\/p>\n<p><img loading=\"lazy\" decoding=\"async\" class=\"alignnone size-medium wp-image-4469\" src=\"https:\/\/metzineres.org\/wp-content\/uploads\/2025\/05\/signal-2025-05-05-105917-300x300.jpeg\" alt=\"\" width=\"300\" height=\"300\" srcset=\"http:\/\/metzineres.org\/wp-content\/uploads\/2025\/05\/signal-2025-05-05-105917-300x300.jpeg 300w, http:\/\/metzineres.org\/wp-content\/uploads\/2025\/05\/signal-2025-05-05-105917-1024x1024.jpeg 1024w, http:\/\/metzineres.org\/wp-content\/uploads\/2025\/05\/signal-2025-05-05-105917-150x150.jpeg 150w, http:\/\/metzineres.org\/wp-content\/uploads\/2025\/05\/signal-2025-05-05-105917-768x768.jpeg 768w, http:\/\/metzineres.org\/wp-content\/uploads\/2025\/05\/signal-2025-05-05-105917-100x100.jpeg 100w\" sizes=\"auto, (max-width: 300px) 100vw, 300px\" \/> <img loading=\"lazy\" decoding=\"async\" class=\"alignnone size-medium wp-image-4472\" src=\"https:\/\/metzineres.org\/wp-content\/uploads\/2025\/05\/033fe52a-fb93-4b2e-abbc-d775b9cae591-300x300.jpg\" alt=\"\" width=\"300\" height=\"300\" srcset=\"http:\/\/metzineres.org\/wp-content\/uploads\/2025\/05\/033fe52a-fb93-4b2e-abbc-d775b9cae591-300x300.jpg 300w, http:\/\/metzineres.org\/wp-content\/uploads\/2025\/05\/033fe52a-fb93-4b2e-abbc-d775b9cae591-1024x1024.jpg 1024w, http:\/\/metzineres.org\/wp-content\/uploads\/2025\/05\/033fe52a-fb93-4b2e-abbc-d775b9cae591-150x150.jpg 150w, http:\/\/metzineres.org\/wp-content\/uploads\/2025\/05\/033fe52a-fb93-4b2e-abbc-d775b9cae591-768x768.jpg 768w, http:\/\/metzineres.org\/wp-content\/uploads\/2025\/05\/033fe52a-fb93-4b2e-abbc-d775b9cae591-100x100.jpg 100w\" sizes=\"auto, (max-width: 300px) 100vw, 300px\" \/> <img loading=\"lazy\" decoding=\"async\" class=\"alignnone size-medium wp-image-4475\" src=\"https:\/\/metzineres.org\/wp-content\/uploads\/2025\/05\/dd1557a8-e2b5-4f0e-b2f3-021709ce431c-300x300.jpg\" alt=\"\" width=\"300\" height=\"300\" srcset=\"http:\/\/metzineres.org\/wp-content\/uploads\/2025\/05\/dd1557a8-e2b5-4f0e-b2f3-021709ce431c-300x300.jpg 300w, http:\/\/metzineres.org\/wp-content\/uploads\/2025\/05\/dd1557a8-e2b5-4f0e-b2f3-021709ce431c-1024x1024.jpg 1024w, http:\/\/metzineres.org\/wp-content\/uploads\/2025\/05\/dd1557a8-e2b5-4f0e-b2f3-021709ce431c-150x150.jpg 150w, http:\/\/metzineres.org\/wp-content\/uploads\/2025\/05\/dd1557a8-e2b5-4f0e-b2f3-021709ce431c-768x768.jpg 768w, http:\/\/metzineres.org\/wp-content\/uploads\/2025\/05\/dd1557a8-e2b5-4f0e-b2f3-021709ce431c-100x100.jpg 100w\" sizes=\"auto, (max-width: 300px) 100vw, 300px\" \/> <img loading=\"lazy\" decoding=\"async\" class=\"alignnone size-medium wp-image-4478\" src=\"https:\/\/metzineres.org\/wp-content\/uploads\/2025\/05\/883e36be-b102-4b91-895b-e86a5784290b-300x300.jpg\" alt=\"\" width=\"300\" height=\"300\" srcset=\"http:\/\/metzineres.org\/wp-content\/uploads\/2025\/05\/883e36be-b102-4b91-895b-e86a5784290b-300x300.jpg 300w, http:\/\/metzineres.org\/wp-content\/uploads\/2025\/05\/883e36be-b102-4b91-895b-e86a5784290b-1024x1024.jpg 1024w, http:\/\/metzineres.org\/wp-content\/uploads\/2025\/05\/883e36be-b102-4b91-895b-e86a5784290b-150x150.jpg 150w, http:\/\/metzineres.org\/wp-content\/uploads\/2025\/05\/883e36be-b102-4b91-895b-e86a5784290b-768x768.jpg 768w, http:\/\/metzineres.org\/wp-content\/uploads\/2025\/05\/883e36be-b102-4b91-895b-e86a5784290b-1536x1536.jpg 1536w, http:\/\/metzineres.org\/wp-content\/uploads\/2025\/05\/883e36be-b102-4b91-895b-e86a5784290b-600x600.jpg 600w, http:\/\/metzineres.org\/wp-content\/uploads\/2025\/05\/883e36be-b102-4b91-895b-e86a5784290b-100x100.jpg 100w, http:\/\/metzineres.org\/wp-content\/uploads\/2025\/05\/883e36be-b102-4b91-895b-e86a5784290b.jpg 1600w\" sizes=\"auto, (max-width: 300px) 100vw, 300px\" \/> <img loading=\"lazy\" decoding=\"async\" class=\"alignnone size-medium wp-image-4481\" src=\"https:\/\/metzineres.org\/wp-content\/uploads\/2025\/05\/678ce766-9874-4ba9-93b4-22eaf98c4b42-300x300.jpg\" alt=\"\" width=\"300\" height=\"300\" srcset=\"http:\/\/metzineres.org\/wp-content\/uploads\/2025\/05\/678ce766-9874-4ba9-93b4-22eaf98c4b42-300x300.jpg 300w, http:\/\/metzineres.org\/wp-content\/uploads\/2025\/05\/678ce766-9874-4ba9-93b4-22eaf98c4b42-1024x1024.jpg 1024w, http:\/\/metzineres.org\/wp-content\/uploads\/2025\/05\/678ce766-9874-4ba9-93b4-22eaf98c4b42-150x150.jpg 150w, http:\/\/metzineres.org\/wp-content\/uploads\/2025\/05\/678ce766-9874-4ba9-93b4-22eaf98c4b42-768x768.jpg 768w, http:\/\/metzineres.org\/wp-content\/uploads\/2025\/05\/678ce766-9874-4ba9-93b4-22eaf98c4b42-1536x1536.jpg 1536w, http:\/\/metzineres.org\/wp-content\/uploads\/2025\/05\/678ce766-9874-4ba9-93b4-22eaf98c4b42-600x600.jpg 600w, http:\/\/metzineres.org\/wp-content\/uploads\/2025\/05\/678ce766-9874-4ba9-93b4-22eaf98c4b42-100x100.jpg 100w, http:\/\/metzineres.org\/wp-content\/uploads\/2025\/05\/678ce766-9874-4ba9-93b4-22eaf98c4b42.jpg 1600w\" sizes=\"auto, (max-width: 300px) 100vw, 300px\" \/> <img loading=\"lazy\" decoding=\"async\" class=\"alignnone size-medium wp-image-4484\" src=\"https:\/\/metzineres.org\/wp-content\/uploads\/2025\/05\/c4e49f3f-5676-48fa-9050-60b098f1ae74-300x300.jpg\" alt=\"\" width=\"300\" height=\"300\" srcset=\"http:\/\/metzineres.org\/wp-content\/uploads\/2025\/05\/c4e49f3f-5676-48fa-9050-60b098f1ae74-300x300.jpg 300w, http:\/\/metzineres.org\/wp-content\/uploads\/2025\/05\/c4e49f3f-5676-48fa-9050-60b098f1ae74-1024x1024.jpg 1024w, http:\/\/metzineres.org\/wp-content\/uploads\/2025\/05\/c4e49f3f-5676-48fa-9050-60b098f1ae74-150x150.jpg 150w, http:\/\/metzineres.org\/wp-content\/uploads\/2025\/05\/c4e49f3f-5676-48fa-9050-60b098f1ae74-768x768.jpg 768w, http:\/\/metzineres.org\/wp-content\/uploads\/2025\/05\/c4e49f3f-5676-48fa-9050-60b098f1ae74-100x100.jpg 100w\" sizes=\"auto, (max-width: 300px) 100vw, 300px\" \/> <img loading=\"lazy\" decoding=\"async\" class=\"alignnone size-medium wp-image-4487\" src=\"https:\/\/metzineres.org\/wp-content\/uploads\/2025\/05\/b521a95d-24a3-4a28-9a88-bb0cbd4e812f-300x300.jpg\" alt=\"\" width=\"300\" height=\"300\" srcset=\"http:\/\/metzineres.org\/wp-content\/uploads\/2025\/05\/b521a95d-24a3-4a28-9a88-bb0cbd4e812f-300x300.jpg 300w, http:\/\/metzineres.org\/wp-content\/uploads\/2025\/05\/b521a95d-24a3-4a28-9a88-bb0cbd4e812f-1024x1024.jpg 1024w, http:\/\/metzineres.org\/wp-content\/uploads\/2025\/05\/b521a95d-24a3-4a28-9a88-bb0cbd4e812f-150x150.jpg 150w, http:\/\/metzineres.org\/wp-content\/uploads\/2025\/05\/b521a95d-24a3-4a28-9a88-bb0cbd4e812f-768x768.jpg 768w, http:\/\/metzineres.org\/wp-content\/uploads\/2025\/05\/b521a95d-24a3-4a28-9a88-bb0cbd4e812f-1536x1536.jpg 1536w, http:\/\/metzineres.org\/wp-content\/uploads\/2025\/05\/b521a95d-24a3-4a28-9a88-bb0cbd4e812f-600x600.jpg 600w, http:\/\/metzineres.org\/wp-content\/uploads\/2025\/05\/b521a95d-24a3-4a28-9a88-bb0cbd4e812f-100x100.jpg 100w, http:\/\/metzineres.org\/wp-content\/uploads\/2025\/05\/b521a95d-24a3-4a28-9a88-bb0cbd4e812f.jpg 1600w\" sizes=\"auto, (max-width: 300px) 100vw, 300px\" \/><\/p>\n<p><!--more--><\/p>\n","protected":false},"excerpt":{"rendered":"<p>La Confer\u00e8ncia Internacional de Reducci\u00f3 de Danys 2025, titulada \u201cSembrant canvi per collir just\u00edcia\u201d, celebrada a Bogot\u00e0, Col\u00f2mbia, es va convertir en un espai vibrant d&#8217;articulaci\u00f3 pol\u00edtica, coneixement situat i acci\u00f3 col\u00b7lectiva. Aquest any, Metzineres no nom\u00e9s va estar present: va interrompre, va q\u00fcestionar i va reimaginar el paradigma global de la reducci\u00f3 de danys. [&hellip;]<\/p>\n","protected":false},"author":2,"featured_media":4493,"comment_status":"open","ping_status":"open","sticky":false,"template":"","format":"gallery","meta":{"footnotes":"","_links_to":"","_links_to_target":""},"categories":[57],"tags":[],"class_list":["post-4495","post","type-post","status-publish","format-gallery","has-post-thumbnail","hentry","category-publicacions","post_format-post-format-gallery"],"_links":{"self":[{"href":"http:\/\/metzineres.org\/ca\/wp-json\/wp\/v2\/posts\/4495","targetHints":{"allow":["GET"]}}],"collection":[{"href":"http:\/\/metzineres.org\/ca\/wp-json\/wp\/v2\/posts"}],"about":[{"href":"http:\/\/metzineres.org\/ca\/wp-json\/wp\/v2\/types\/post"}],"author":[{"embeddable":true,"href":"http:\/\/metzineres.org\/ca\/wp-json\/wp\/v2\/users\/2"}],"replies":[{"embeddable":true,"href":"http:\/\/metzineres.org\/ca\/wp-json\/wp\/v2\/comments?post=4495"}],"version-history":[{"count":3,"href":"http:\/\/metzineres.org\/ca\/wp-json\/wp\/v2\/posts\/4495\/revisions"}],"predecessor-version":[{"id":4518,"href":"http:\/\/metzineres.org\/ca\/wp-json\/wp\/v2\/posts\/4495\/revisions\/4518"}],"wp:featuredmedia":[{"embeddable":true,"href":"http:\/\/metzineres.org\/ca\/wp-json\/wp\/v2\/media\/4493"}],"wp:attachment":[{"href":"http:\/\/metzineres.org\/ca\/wp-json\/wp\/v2\/media?parent=4495"}],"wp:term":[{"taxonomy":"category","embeddable":true,"href":"http:\/\/metzineres.org\/ca\/wp-json\/wp\/v2\/categories?post=4495"},{"taxonomy":"post_tag","embeddable":true,"href":"http:\/\/metzineres.org\/ca\/wp-json\/wp\/v2\/tags?post=4495"}],"curies":[{"name":"wp","href":"https:\/\/api.w.org\/{rel}","templated":true}]}}