{"id":3003,"date":"2023-04-13T03:00:48","date_gmt":"2023-04-13T03:00:48","guid":{"rendered":"https:\/\/metzineres.org\/moving-together-towards-an-anti-prohibitionist-feminism\/"},"modified":"2025-01-17T03:02:48","modified_gmt":"2025-01-17T03:02:48","slug":"remant-juntxs-cap-a-un-feminisme-antiprohibicionista","status":"publish","type":"post","link":"https:\/\/metzineres.org\/ca\/remant-juntxs-cap-a-un-feminisme-antiprohibicionista\/","title":{"rendered":"Remant juntxs cap a un feminisme antiprohibicionista"},"content":{"rendered":"<div class=\"post-prev-text\">\n<h4>Quelcom m\u00e0gic ha brotat durant quatre dies enmig d\u2019un camp de taronges. En una resid\u00e8ncia feta refugi, lim\u00edtrof amb el Parc Natural de l\u2019Albufera (Val\u00e8ncia),\u00a0divuit dones s\u2019han reunit per creuar un portal cap a m\u00faltiples universos encara per crear.<\/h4>\n<p>La coneguda fins ara com a\u00a0<strong>Red de Mujeres Antiprohibicionistas<\/strong>\u00a0(REMA) ha celebrat la seva\u00a0<strong>primera trobada presencial<\/strong>\u00a0amb els col\u00b7lectius i organitzacions que la componem actualment* per posar sobre la taula les cartes del seu present i del seu futur.<\/p>\n<p><img decoding=\"async\" src=\"https:\/\/metzineres.net\/imgdata\/Dise__o_sin_t__tulo.png\" \/><\/p>\n<p>El passat, per\u00f2, tamb\u00e9 val la pena ser recordat. El naixement de REMA, al\u00a0<strong>2016<\/strong>, es va produir arrel d\u2019una trobada de dones vinculades al sector del c\u00e0nnabis: El Encuentro de Mujeres Cann\u00e1bicas. Algunes d\u2019aquelles dones s\u00f3n les que han fet possible que, entre per\u00edodes de major i menor activitat, la xarxa hagi anat acollint nous col\u00b7lectius centrats d\u2019una manera o altra a l\u2019\u00e0mbit de les drogues, m\u00e9s enll\u00e0 del m\u00f3n del c\u00e0nnabis \u2013per exemple, Sot a Terra, que s\u2019han presentat per primer cop en aquesta trobada.<\/p>\n<p>El que hem fet durant aquests dies, trobar-nos i confabular juntes, tamb\u00e9 se\u2019ns ha prohibit en molts moments de la hist\u00f2ria i en molts llocs del planeta. Els qui ho han perseguit i penalitzat sempre han sabut quant poder emergeix dels\u00a0<strong>vincles i aliances<\/strong>\u00a0que creem les dones i les persones d\u2019identitats dissidents. Afortunadament, nosaltres tamb\u00e9 ho sabem.<\/p>\n<h2>Reimaginant una xarxa de donxs antiprohibicionistes<\/h2>\n<p>El desig de construir juntes ha estat el motor principal d\u2019aquesta trobada. Tamb\u00e9 el de\u00a0<strong>generar estrat\u00e8gies d\u2019articulaci\u00f3\u00a0<\/strong>i<strong>\u00a0q\u00fcestionar el nostre posicionament ideol\u00f2gic<\/strong>\u00a0per reelaborar-lo, aix\u00ed com el d\u2019<strong>incidir pol\u00edtica i socialment en l\u2019\u00e0mbit de les drogues<\/strong>\u00a0des d\u2019una perspectiva feminista.<\/p>\n<p><img decoding=\"async\" src=\"https:\/\/metzineres.net\/imgdata\/Dise__o_sin_t__tulo__5_.png\" \/><\/p>\n<p>L\u2019intercanvi d\u2019idees, sabers i experi\u00e8ncies ha pogut nodrir-se en aquesta trobada d\u2019una\u00a0<strong>mirada intergeneracional<\/strong>\u00a0(amb dones d\u2019edats compreses entre els 27i els 64 anys). Venim, a m\u00e9s a m\u00e9s, de llocs diferents i de realitats diverses, per\u00f2 les ganes de fer confluir mem\u00f2ria i noves sensibilitats han fet possible el naixement d\u2019iniciatives que pretenen conformar una nova REMA. Una de les conclusions a les quals arribem \u00e9s que, a partir d\u2019ara, el nostre nom inclour\u00e0 expl\u00edcitament dos dels eixos vertebradors d\u2019aquesta xarxa.\u00a0<strong>Som REMA \u2013 Feministes Antiprohibicionistes.<\/strong><\/p>\n<p><img decoding=\"async\" src=\"https:\/\/metzineres.net\/imgdata\/Dise__o_sin_t__tulo__4_.png\" \/><\/p>\n<p>Sabem que la poci\u00f3 perfecta no existeix, per\u00f2 tamb\u00e9 som conscients de la urg\u00e8ncia d\u2019un canvi de paradigma que garanteixi els drets de les persones que usen subst\u00e0ncies a trav\u00e9s de la despenalitzaci\u00f3 i de la regulaci\u00f3 basades en criteris de just\u00edcia social. Per aix\u00f2, resultar\u00e0 de\u00a0<strong>vital import\u00e0ncia la visibilitzaci\u00f3 i l\u2019enfortiment de narratives hist\u00f2ricament silenciades<\/strong>\u00a0en el marc d\u2019un sistema cisheteropatriarcal, capitalista, racista, colonial i capacitista. Narratives que advoquen, tamb\u00e9, pel\u00a0<strong>dret a decidir sobre els nostres propis cossos<\/strong>\u00a0i per la<strong>\u00a0gesti\u00f3 dels nostres plaers.<\/strong><\/p>\n<h2>Cures i interseccions<\/h2>\n<p>Hem compartit propostes, riures, menjar, preocupacions, somnis i moments de complicitat sota la llum del sol i de la lluna, coneixent-nos i reconeixent-nos. Vam fer que la paraula\u00a0<strong><em>cures<\/em><\/strong>\u00a0adquir\u00eds olors, sabors, textures i formes que algunes ni tan sols hav\u00edem experimentat abans.<\/p>\n<p><img decoding=\"async\" src=\"https:\/\/metzineres.net\/imgdata\/Dise__o_sin_t__tulo__3_.png\" \/><\/p>\n<p><img decoding=\"async\" src=\"https:\/\/metzineres.net\/imgdata\/sotaterrametzis.png\" \/><\/p>\n<p>D\u2019altra banda, vam decidir repensar la intersecci\u00f3 entre aquells sistemes que oprimeixen les persones que usen drogues. Sabem que\u00a0<strong>el prohibicionisme neix de la voluntat per criminalitzar de manera espec\u00edfica les persones no blanques<\/strong>, aix\u00ed que el nostre comprom\u00eds m\u00e9s urgent \u00e9s el de revisar l\u2019homogene\u00eftat i els privilegis d\u2019aquesta xarxa i, sobretot, el d\u2019arribar a aquellxs companyxs que no hi s\u00f3n amb nosaltres.<\/p>\n<p><img decoding=\"async\" src=\"https:\/\/metzineres.net\/imgdata\/Dise__o_sin_t__tulo__7_.png\" \/><\/p>\n<p>Aquesta trobada, en definitiva, ha estat al\u00e8 i aire fresc. Un espai-temps en el qual\u00a0<strong>escoltar-nos sense judicis per aprendre<\/strong>, des de l\u2019admiraci\u00f3, la inspiraci\u00f3 i l\u2019empatia.<\/p>\n<p>No ha estat f\u00e0cil arribar fins aqu\u00ed i no ho ser\u00e0\u00a0<strong>enfrontar els reptes que vindran<\/strong>, sobretot pel risc que impliquen per a l\u2019ordre establert. No obstant aix\u00f2, estem disposades a ser trinxera, a continuar creixent i a al\u00e7ar la veu sense complir amb els guions establerts, tal com van fer \u2013malgrat tot\u2013 aquelles que ens precedeixen.<\/p>\n<p><img decoding=\"async\" src=\"https:\/\/metzineres.net\/imgdata\/Dise__o_sin_t__tulo__1_.png\" \/><\/p>\n<p>___________________________________________________________________<\/p>\n<h2>*\u00bfQui componem REMA \u2013 Feministas Antiprohibicionistas?<\/h2>\n<p><strong>Col\u00b7lectius\/organitzacions:<\/strong><\/p>\n<ul>\n<li><strong><a href=\"https:\/\/www.instagram.com\/sot.a.terra\/\" target=\"_blank\" rel=\"noopener\">Sot a Terra<\/a>:\u00a0<\/strong>Va n\u00e9ixer com a projecte col\u00b7lectiu i autogestionat i actualment es constitueix com a associaci\u00f3 feminista cultural. Cerquen visibilitzar les experi\u00e8ncies de les dones a dins i a fora de l\u2019escena contracultural, aix\u00ed com transformar la realitat rave per alliberar-la del masclisme i altres f\u00f2bies. S\u2019autodefineixen com a \u201cDj\u2019s, productores de m\u00fasica, consumidores de drogues, bailongas, col\u00b7lectius, artistes, tatuadores, dissenyadores i qualsevol dona que senti que forma part de l\u2019escena d\u2019una manera o altra\u201d. Recentment han organitzat el 1er Congr\u00e9s \u2018Una mirada transversal de l\u2019oci nocturn amb perspectiva de g\u00e8nere\u2019 juntament amb el Servei d\u2019Informaci\u00f3 i Dinamitzaci\u00f3 (SEDI) de la Universitat de Val\u00e8ncia.<\/li>\n<\/ul>\n<ul>\n<li><strong><a href=\"https:\/\/www.instagram.com\/muyerescannabis\/\" target=\"_blank\" rel=\"noopener\">Muyeres y Cannabis<\/a>:\u00a0<\/strong>Col\u00b7lectiu de dones que treballen en associacions de la zona nord-est de l\u2019Estat espanyol (Castella i Lle\u00f3, Ast\u00faries, Cantabria&#8230;) i que organitza distintes jornades de trobada i esdeveniments. S\u2019autodefineixen com a feministes antiprohibicionistes i usu\u00e0ries de c\u00e0nnabis, i advoquen per la regulaci\u00f3 del c\u00e0nnabis amb perspectiva de g\u00e8nere.<\/li>\n<\/ul>\n<ul>\n<li><strong><a href=\"https:\/\/www.mujerescannabicas.org\/\" target=\"_blank\" rel=\"noopener\">Mujeres Cann\u00e1bicas<\/a>:\u00a0<\/strong>Col\u00b7lectiu de dones d\u2019\u00e0mbit estatal que organitza i participa en diversos esdeveniments i que se centra en la investigaci\u00f3 acad\u00e8mica amb perspectiva de g\u00e8nere sobre el m\u00f3n cann\u00e0bic.<\/li>\n<\/ul>\n<ul>\n<li><strong><a href=\"https:\/\/salutpublica.gencat.cat\/web\/.content\/minisite\/aspcat\/vigilancia_salut_publica\/vih-sida-its\/05_CEEISCAT\/publicacions-cientifiques\/informes\/Informe_XADUD_.pdf\">XADUD (Xarxa de Dones que Usen Drogues)<\/a>:\u00a0<\/strong>Es tracta d\u2019un espai de trobada i intercanvi construir col\u00b7lectivament i obert a totes aquelles dones i persones de g\u00e8nere divers que usen drogues. Nascuda sota la premissa \u201cRes sobre nosaltres sense nosaltres\u201d el 2017 amb el suport de CATNPUD, aquesta xarxa t\u00e9 entre els seus objectius el de donar visibilitat a les realitats i necessitats de les donxs que usen drogues per reduir el seu a\u00efllament i les viol\u00e8ncies que viuen, aix\u00ed com per conscienciar la societat i la comunitat.<\/li>\n<\/ul>\n<ul>\n<li><strong><a href=\"https:\/\/metzineres.org\/ca\/metzineres\/\" target=\"_blank\" rel=\"noopener\">Metzineres<\/a>:\u00a0<\/strong>Primera cooperativa sense \u00e0nim de lucre dirigida a desplegar Entorns d\u2019Aixopluc \u2013exclusius per a dones i persones de g\u00e8nere divers\u2013 que integren l\u2019espectre complet de reducci\u00f3 de danys. Des de la seva seu al barri del Raval (Barcelona), procuren espais de seguretat, tranquil\u00b7litat i intimitat a lxs participants. Ofereixen propostes hol\u00edstiques i individualitzades escaients a les particularitats de cadascunx, que afavoreixen el seu benestar f\u00edsic, emocional i mental. Un model d\u2019intervenci\u00f3 innovador i agosarat basat en els drets humans i la transversalitat de g\u00e8nere, sostingut per estrat\u00e8gies comunit\u00e0ries i de l\u2019Economia Social i Solid\u00e0ria que proven ser fidels, pragm\u00e0tiques i cost-efectives, on tota dona o persona de g\u00e8nere divers \u00e9s protagonista.<\/li>\n<\/ul>\n<p><strong>Persones que formen part de les seg\u00fcents organitzacions, dedicades d\u2019una manera o altra a l\u2019\u00e0mbit de les drogues:<\/strong><\/p>\n<ul>\n<li><strong><a href=\"https:\/\/rdrcannabis.cat\/\/\" target=\"_blank\" rel=\"noopener\">RdRcannabis<\/a>:\u00a0<\/strong>Programa de reducci\u00f3 de riscos dirigit a clubs o associacions cann\u00e0biques. Apropa informaci\u00f3 i reflexi\u00f3 sobre el consum de c\u00e0nnabis a trav\u00e9s de diferents recursos com fullets, cartells o formacions a les persones que treballen en elles. Es caracteritza per treballar de manera conjunta i transversal amb les pr\u00f2pies entitats i les persones que les componen.<\/li>\n<\/ul>\n<ul>\n<li><strong><a href=\"https:\/\/www.iceers.org\/es\/\" target=\"_blank\" rel=\"noopener\">ICEERS (International Center for Ethnobotanical Education, Research and Service)<\/a>:\u00a0<\/strong>Organitzaci\u00f3 sense afany de lucre dedicada a transformar la relaci\u00f3 de la societat amb les plantes psicoactives, compromesa amb alguns dels problemes fonamentals que resulten de la globalitzaci\u00f3 de les pr\u00e0ctiques relacionades amb l\u2019ayahuasca, la iboga i altres etnobot\u00e0nics. Proporcionen informaci\u00f3 elaborada des de la investigaci\u00f3 i el coneixement cient\u00edfic, promouen pol\u00edtiques p\u00fabliques basades en la evid\u00e8ncia i els drets humans i organitzen esdeveniments com la Confer\u00e8ncia Mundial d\u2019Ayahuasca i el Congr\u00e9s Cannabmed, ambd\u00f3s a nivell mundial.<\/li>\n<\/ul>\n<ul>\n<li><strong><a href=\"https:\/\/www.infodroguesreus.com\/?page_id=29\" target=\"_blank\" rel=\"noopener\">Pla d&#8217;accions sobre drogues de Reus<\/a>\u00a0<\/strong>i\u00a0<strong><a href=\"https:\/\/www.arsu.es\/?page_id=988\">Dona Arsu Tot<\/a>:\u00a0<\/strong>D\u2019una banda, el \u2018Pla d\u2019accions sobre Drogues de Reus\u2019 va ser creat el 2004 amb la intenci\u00f3 d\u2019integrar i formalitzar les estrat\u00e8gies i intervencions que s\u2019estaven realitzant des del 1984 a Reus en mat\u00e8ria de drogues, amb l\u2019objectiu conc\u00eds d\u2019adequar-les i donat respostes pertinents a una realitat canviant, des de la complexitat i des d\u2019una interpretaci\u00f3 hol\u00edstica del fenomen. D\u2019altra banda, \u2018Dona Arsu Tot\u2019 \u00e9s la branca d\u2019ARSU-Reus (associaci\u00f3 sense \u00e0nim de lucre formada per persones que usen o han usat drogues i altres sensibilitzades amb el fenomen) que pret\u00e9n ser un espai de trobada espec\u00edfic per a donxs que vulguin compartir experi\u00e8ncies, descarregar l\u2019angoixa, el sentiment de culpabilitat, empoderar-se i assolir seguretat per trencar amb els processos d\u2019estigmatitzaci\u00f3 social.<\/li>\n<\/ul>\n<ul>\n<li><strong><a href=\"https:\/\/energycontrol.org\/\">Energy Control<\/a>:\u00a0<\/strong>Programa d\u2019intervenci\u00f3 des de la reducci\u00f3 de riscos en l\u2019\u00e0mbit dels consums recreatius de drogues de l\u2019Associaci\u00f3 Benestar i Desenvolupament (ABD). Nascuda a Barcelona l\u2019any 1997 com a projecte pioner a l\u2019Estat espanyol en l\u2019\u00e0mbit de la reducci\u00f3 de riscos, t\u00e9 com a missi\u00f3 ser una refer\u00e8ncia rigorosa, honesta i lliure de tab\u00fas perqu\u00e8 les persones que usen drogues puguin gestionar els plaers i els riscos associats al seu consum.<\/li>\n<\/ul>\n<ul>\n<li><strong><a href=\"http:\/\/catfac.org\/\">CatFAC<\/a>:\u00a0<\/strong>Agrupaci\u00f3 d\u2019associacions de persones consumidores de c\u00e0nnabis que treballa des del 2012 de manera col\u00b7lectiva per aconseguir el reconeixement i la regulaci\u00f3 de la seva activitat a Catalunya. A trav\u00e9s de la regulaci\u00f3 del c\u00e0nnabis, pretenen una millora social que prioritzi el benestar i la salut de les persones que el consumeixen. Aix\u00ed mateix, pretenen empoderar-se i defensar el model que durant tants anys han anat construint per lluitar contra el mercat il\u00b7l\u00edtic, cercant la garantia de qualitat, seguretat i acompanyament en la gesti\u00f3 de plaers.<\/li>\n<\/ul>\n<ul>\n<li><strong><a href=\"https:\/\/confac.org\/\">ConFAC<\/a>:\u00a0<\/strong>La Confederaci\u00f3n de Federaciones de Asociaciones Cann\u00e1bicas (ConFAC) \u00e9s una organitzaci\u00f3 no governamental, sense \u00e0nim de lucre, que interv\u00e9 en l&#8217;\u00e0mbit del c\u00e0nnabis advocant per la regulaci\u00f3 justa i efica\u00e7 de la planta. Des de fa m\u00e9s de 20 anys, defensa la iniciativa dels Clubs Socials de C\u00e0nnabis (CSC) com una alternativa d&#8217;acc\u00e9s al c\u00e0nnabis per a milions de persones usu\u00e0ries tant a l&#8217;Estat espanyol com a moltes altres parts del m\u00f3n.<\/li>\n<\/ul>\n<ul>\n<li><strong><a href=\"https:\/\/observatoriocannabis.com\/\">OECC (Observatorio Europeo del Consumo y Cultivo de Cannabis)<\/a>:\u00a0<\/strong>Laboratori d&#8217;idees i accions al servei de la societat mitjan\u00e7ant la realitzaci\u00f3 de propostes eficaces per regular el c\u00e0nnabis. OECC es defineix com un espai de car\u00e0cter inclusiu, basat en l&#8217;evid\u00e8ncia i els drets constitucionals, aix\u00ed com el m\u00e8tode cient\u00edfic, la prevenci\u00f3 de riscos i la disminuci\u00f3 del dany. L&#8217;organitzaci\u00f3 tamb\u00e9 defensa una regulaci\u00f3 mundial que inclogui l&#8217;ajuda al desenvolupament, aix\u00ed com la relaci\u00f3 Nord i Sud i la perspectiva de g\u00e8nere. \u00c9s, a m\u00e9s a m\u00e9s, la primera associaci\u00f3 dedicada a l&#8217;estudi del c\u00e0nnabis a Europa que s&#8217;inscriu als registres de transpar\u00e8ncia.<\/li>\n<\/ul>\n<p><img decoding=\"async\" src=\"https:\/\/metzineres.net\/imgdata\/foto_rema.jpg\" \/><\/p>\n<p><em>Text i imatges: Judit Vela<\/em><\/p>\n<\/div>\n","protected":false},"excerpt":{"rendered":"<p>Quelcom m\u00e0gic ha brotat durant quatre dies enmig d\u2019un camp de taronges. En una resid\u00e8ncia feta refugi, lim\u00edtrof amb el Parc Natural de l\u2019Albufera (Val\u00e8ncia),\u00a0divuit dones s\u2019han reunit per creuar un portal cap a m\u00faltiples universos encara per crear. La coneguda fins ara com a\u00a0Red de Mujeres Antiprohibicionistas\u00a0(REMA) ha celebrat la seva\u00a0primera trobada presencial\u00a0amb els [&hellip;]<\/p>\n","protected":false},"author":1,"featured_media":2997,"comment_status":"open","ping_status":"open","sticky":false,"template":"","format":"standard","meta":{"footnotes":"","_links_to":"","_links_to_target":""},"categories":[57],"tags":[],"class_list":["post-3003","post","type-post","status-publish","format-standard","has-post-thumbnail","hentry","category-publicacions"],"_links":{"self":[{"href":"https:\/\/metzineres.org\/ca\/wp-json\/wp\/v2\/posts\/3003","targetHints":{"allow":["GET"]}}],"collection":[{"href":"https:\/\/metzineres.org\/ca\/wp-json\/wp\/v2\/posts"}],"about":[{"href":"https:\/\/metzineres.org\/ca\/wp-json\/wp\/v2\/types\/post"}],"author":[{"embeddable":true,"href":"https:\/\/metzineres.org\/ca\/wp-json\/wp\/v2\/users\/1"}],"replies":[{"embeddable":true,"href":"https:\/\/metzineres.org\/ca\/wp-json\/wp\/v2\/comments?post=3003"}],"version-history":[{"count":1,"href":"https:\/\/metzineres.org\/ca\/wp-json\/wp\/v2\/posts\/3003\/revisions"}],"predecessor-version":[{"id":3004,"href":"https:\/\/metzineres.org\/ca\/wp-json\/wp\/v2\/posts\/3003\/revisions\/3004"}],"wp:featuredmedia":[{"embeddable":true,"href":"https:\/\/metzineres.org\/ca\/wp-json\/wp\/v2\/media\/2997"}],"wp:attachment":[{"href":"https:\/\/metzineres.org\/ca\/wp-json\/wp\/v2\/media?parent=3003"}],"wp:term":[{"taxonomy":"category","embeddable":true,"href":"https:\/\/metzineres.org\/ca\/wp-json\/wp\/v2\/categories?post=3003"},{"taxonomy":"post_tag","embeddable":true,"href":"https:\/\/metzineres.org\/ca\/wp-json\/wp\/v2\/tags?post=3003"}],"curies":[{"name":"wp","href":"https:\/\/api.w.org\/{rel}","templated":true}]}}