{"id":3108,"date":"2022-12-01T03:23:57","date_gmt":"2022-12-01T03:23:57","guid":{"rendered":"https:\/\/metzineres.org\/metziagenda-of-december-2022\/"},"modified":"2025-01-17T03:25:18","modified_gmt":"2025-01-17T03:25:18","slug":"metziagenda-de-desembre-2022","status":"publish","type":"post","link":"https:\/\/metzineres.org\/ca\/metziagenda-de-desembre-2022\/","title":{"rendered":"MetziAgenda de Desembre 2022"},"content":{"rendered":"<div class=\"post-prev-text\">\n<div class=\"post-prev-text\">\n<p>Calendari d&#8217;activitats setmanals per a lxs participants de Metzineres. Aquest mes tenim:<\/p>\n<ul>\n<li>Costura guerrillera<\/li>\n<li>Taller de Fanzine amb la Yolanda del MACBA<\/li>\n<li>Reunions de la XADUD (Xarxa de Donxs que Usen Drogues), a l&#8217;\u00c0gora Juan Andr\u00e9s Ben\u00edtez<\/li>\n<li>Mani-cura<\/li>\n<li>Autodefensa transfeminista<\/li>\n<li>Assemblea<\/li>\n<li>Reunions DIRD (Donxs Impulsores de Reducci\u00f3 de Danys)<\/li>\n<li>Prente&#8217;l Pel: Perruqueria amb la Nani<\/li>\n<li>Monologueando: Taller de mon\u00f2legs, amb Vidda Priego<\/li>\n<li>Pa&#8217;Ella: La paella dels divendres a l&#8217;\u00c0gora Juan Andr\u00e9s Ben\u00edtez<\/li>\n<li>MetziRadio a l&#8217;\u00c0gora Juan Andr\u00e9s Ben\u00edtez (quinzenal)<\/li>\n<li>Crispelis: Pelis i crispetes!<\/li>\n<\/ul>\n<p>Activitats especials de desembre:<\/p>\n<ul>\n<li>Dijous\u00a01:\u00a0Dia Internacional de la Sida<\/li>\n<li>Diumenge 4:\u00a0Fleadonia Market<\/li>\n<li>Dissabte 10: Dia Internacional\u00a0dels Drets Humans<\/li>\n<li>Dissabte\u00a017: Dia Internacional\u00a0d&#8217;Eliminaci\u00f3 de la Viol\u00e8ncia Vers les\u00a0Treballadores Sexuals<\/li>\n<li>Dissabte 24: Dinar de Nadal<\/li>\n<\/ul>\n<p>A m\u00e9s, sempre disponible:<\/p>\n<ul>\n<li>MetziSpa<\/li>\n<li>Taller de Naloxona\u00a0express<\/li>\n<li>Acompanyament sanitari, social i educatiu<\/li>\n<li>Dormir de dia<\/li>\n<li>Rober, dutxa i rentadora<\/li>\n<li>Ordinadors i Internet<\/li>\n<li>ArtiSana: Espai d&#8217;artter\u00e0pia<\/li>\n<\/ul>\n<p>Horari:<\/p>\n<ul>\n<li>Dilluns, dimecres, dijous, divendres* i dissabte de 14 a 21h.<\/li>\n<li>Dimarts de 16 a 21h.<\/li>\n<li>Diumenge tancat.<\/li>\n<\/ul>\n<p>*Els divendres estem fent la nostra Pa&#8217;Ella a l&#8217;\u00c0gora Juan Andr\u00e9s Ben\u00edtez des del migdia fins a les 17h, aprox. Despr\u00e9s, anem cap al local.<\/p>\n<p>Adre\u00e7a del local de Metzineres:<br \/>\nCarrer de la Lluna, 3<br \/>\nBarri del Raval (Barcelona)<\/p>\n<p>Adre\u00e7a de l&#8217;\u00c0gora Juan Andr\u00e9s Ben\u00edtez:<br \/>\nCarrer de l&#8217;Aurora, 13<br \/>\nBarri del Raval (Barcelona)<\/p>\n<\/div>\n<div class=\"post-prev-more-cont clearfix\">\n<div class=\"post-prev-more left\"><\/div>\n<div class=\"right\"><\/div>\n<\/div>\n<\/div>\n","protected":false},"excerpt":{"rendered":"<p>Calendari d&#8217;activitats setmanals per a lxs participants de Metzineres. Aquest mes tenim: Costura guerrillera Taller de Fanzine amb la Yolanda del MACBA Reunions de la XADUD (Xarxa de Donxs que Usen Drogues), a l&#8217;\u00c0gora Juan Andr\u00e9s Ben\u00edtez Mani-cura Autodefensa transfeminista Assemblea Reunions DIRD (Donxs Impulsores de Reducci\u00f3 de Danys) Prente&#8217;l Pel: Perruqueria amb la Nani [&hellip;]<\/p>\n","protected":false},"author":1,"featured_media":3103,"comment_status":"open","ping_status":"open","sticky":false,"template":"","format":"standard","meta":{"footnotes":"","_links_to":"","_links_to_target":""},"categories":[57],"tags":[],"class_list":["post-3108","post","type-post","status-publish","format-standard","has-post-thumbnail","hentry","category-publicacions"],"_links":{"self":[{"href":"https:\/\/metzineres.org\/ca\/wp-json\/wp\/v2\/posts\/3108","targetHints":{"allow":["GET"]}}],"collection":[{"href":"https:\/\/metzineres.org\/ca\/wp-json\/wp\/v2\/posts"}],"about":[{"href":"https:\/\/metzineres.org\/ca\/wp-json\/wp\/v2\/types\/post"}],"author":[{"embeddable":true,"href":"https:\/\/metzineres.org\/ca\/wp-json\/wp\/v2\/users\/1"}],"replies":[{"embeddable":true,"href":"https:\/\/metzineres.org\/ca\/wp-json\/wp\/v2\/comments?post=3108"}],"version-history":[{"count":1,"href":"https:\/\/metzineres.org\/ca\/wp-json\/wp\/v2\/posts\/3108\/revisions"}],"predecessor-version":[{"id":3109,"href":"https:\/\/metzineres.org\/ca\/wp-json\/wp\/v2\/posts\/3108\/revisions\/3109"}],"wp:featuredmedia":[{"embeddable":true,"href":"https:\/\/metzineres.org\/ca\/wp-json\/wp\/v2\/media\/3103"}],"wp:attachment":[{"href":"https:\/\/metzineres.org\/ca\/wp-json\/wp\/v2\/media?parent=3108"}],"wp:term":[{"taxonomy":"category","embeddable":true,"href":"https:\/\/metzineres.org\/ca\/wp-json\/wp\/v2\/categories?post=3108"},{"taxonomy":"post_tag","embeddable":true,"href":"https:\/\/metzineres.org\/ca\/wp-json\/wp\/v2\/tags?post=3108"}],"curies":[{"name":"wp","href":"https:\/\/api.w.org\/{rel}","templated":true}]}}