{"id":2630,"date":"2024-05-17T22:30:23","date_gmt":"2024-05-17T22:30:23","guid":{"rendered":"https:\/\/metzineres.org\/?p=2630"},"modified":"2025-01-16T22:31:09","modified_gmt":"2025-01-16T22:31:09","slug":"metzineres_detonando_la_tarima_y_el_estigma_en_el_","status":"publish","type":"post","link":"https:\/\/metzineres.org\/es\/metzineres_detonando_la_tarima_y_el_estigma_en_el_\/","title":{"rendered":"Metzineres detonando la tarima (y el estigma) en el LilaFest"},"content":{"rendered":"<h6>Por Sophia Vargas<\/h6>\n<p><strong>S\u00e1bado 25 de mayo de 11:00 a 20:00 en el Parque de la Estaci\u00f3n del Norte.\u00a0<\/strong><\/p>\n<p><strong>Llega el Lila Fest, un espacio para visibilizar, reflexionar y luchar contra las violencias machistas! En su primera edici\u00f3n, el festival llega repleto de acciones y actividades con una mirada festiva, l\u00fadica y cultural.<\/strong><\/p>\n<p><strong>Celebraremos\u00a0 la igualdad, la justicia social y la sororidad, con el prop\u00f3sito de tejer redes y construir un futuro m\u00e1s equitativo para todxs. Una jornada donde participaremos de manera activa para reconocernos, compartir, celebrar y tejer red entre todxs aquellxs que construimos formas de vida sostenibles, dignas y vivibles,<\/strong>\u00a0y las Metzineres aprovechamos el espacio para detonar el estigma que recae sobre las mujerxs que usan drogas directamente en tarima con Luana y Tania!<\/p>\n<p>Luana, es portuguesa y gitana, migrante y Metzinera, participar\u00e1 del festival presentando una fusi\u00f3n de sevillanas y zapateados que trasciende los estereotipos del flamenco. Luana emerge triunfante como sobreviviente de violencias sistem\u00e1ticas desde una edad temprana, transformando estas experiencias en cuidados hacia los dem\u00e1s, siendo\u00a0 compasiva y entregada\u00a0 al bienestar ajeno. Es una mujxr alegre, con un gran sentido del humor, y una capacidad impresionante de reinventarse constantemente.<\/p>\n<p>Adem\u00e1s de su destreza en el canto y el baile, Luana tiene\u00a0 habilidad con las artesan\u00edas en la confecci\u00f3n de joyer\u00eda, tejidos en croch\u00e9, y otras expresiones creativas, el vestido que llevar\u00e1 en el Lila Fest, es dise\u00f1ado, cortado y costurado por ella misma Su compromiso con la comunidad es evidente en su trabajo cotidiano como t\u00e9cnica comunitaria en Metzineres, as\u00ed como en su amor por los animales, especialmente sus perros a quienes adora.<\/p>\n<p><img decoding=\"async\" src=\"https:\/\/metzineres.net\/imgdata\/luana_lilafest24.jpg\" \/><\/p>\n<p>Tambi\u00e9n tendremos en tarima a\u00a0 Tania, una artista Metzinere y espa\u00f1ola, que inundar\u00e1 el \u00e1gora con su\u00a0 habilidad para improvisar y rapear, letras con mensajes reivindicativos que desaf\u00edan los estereotipos y hablan de las diversas formas de violencia. Tania tambi\u00e9n\u00a0 se\u00a0 destaca como ilustradora, fot\u00f3grafa y productora musical, produciendo sus propias pistas. Sin temor, Tania canta\u00a0 rimas cargadas de significado que dan voz a miles de mujerxs, posicion\u00e1ndose como una figura relevante en la lucha contra la injusticia y la desigualdad.<\/p>\n<p>Ambas artistas han estado ensayando durante semanas para mostrar sus talentos en este festival que toma su nombre de las plantas de lavanda y malva, s\u00edmbolos de ocio, algarab\u00eda y generosidad, y que contar\u00e1 con una amplia variedad de actividades: espect\u00e1culos, teatro, danza, m\u00fasica en vivo, talleres, conversaciones, debates, exposiciones y puestos gastron\u00f3micos.<\/p>\n<p><img decoding=\"async\" src=\"https:\/\/metzineres.net\/imgdata\/tania_lilafest24.jpg\" \/><\/p>\n<p>Tambi\u00e9n contaremos con la participaci\u00f3n de nuestra directora y fundadora Aura Roig en \u201cRadio LilaFest\u201d, el espacio de grabaci\u00f3n de programas y podcasts en vivo con la Red Comunitaria de Radios de Barcelona y Torre Jussana. Un espacio para escuchar, hablar y conversar con diversxs locutorxs de radio, profesionales y militantes del movimiento feminista.<\/p>\n<p><strong>El festival\u00a0 dispondr\u00e1 de un punto lila de asesoramiento, acompa\u00f1amiento e intervenci\u00f3n ante cualquier tipo de violencia, reafirmando el compromiso del festival como un espacio seguro y accesible para todxs.<\/strong><\/p>\n<p>\u00a1Guarda la fecha del Lila Fest en la agenda y acomp\u00e1\u00f1anos! Nos vemos el s\u00e1bado 25 de mayo de 11:00 a 20:00 h en el Parque de la Estaci\u00f3n del Norte de Barcelona. Sigue todas las novedades y actualidad sobre el festival en nuestras redes sociales.<\/p>\n<p><strong>Encontrar\u00e9is todos los horarios, participantes e informaci\u00f3n de inter\u00e9s en el programa.<\/strong><\/p>\n<h6>Fotograf\u00edas: Andre Gaetano, Fotografa Metzineres.<\/h6>\n<p><img decoding=\"async\" src=\"https:\/\/metzineres.net\/imgdata\/impresion_02_2.jpg\" \/><\/p>\n<h6>Fotograf\u00edas: Andre Gaetano, Fotografa Metzineres.<\/h6>\n","protected":false},"excerpt":{"rendered":"<p>Por Sophia Vargas S\u00e1bado 25 de mayo de 11:00 a 20:00 en el Parque de la Estaci\u00f3n del Norte.\u00a0 Llega el Lila Fest, un espacio para visibilizar, reflexionar y luchar contra las violencias machistas! En su primera edici\u00f3n, el festival llega repleto de acciones y actividades con una mirada festiva, l\u00fadica y cultural. Celebraremos\u00a0 la [&hellip;]<\/p>\n","protected":false},"author":1,"featured_media":2631,"comment_status":"open","ping_status":"open","sticky":false,"template":"","format":"standard","meta":{"footnotes":"","_links_to":"","_links_to_target":""},"categories":[8],"tags":[],"class_list":["post-2630","post","type-post","status-publish","format-standard","has-post-thumbnail","hentry","category-publicaciones"],"_links":{"self":[{"href":"https:\/\/metzineres.org\/es\/wp-json\/wp\/v2\/posts\/2630","targetHints":{"allow":["GET"]}}],"collection":[{"href":"https:\/\/metzineres.org\/es\/wp-json\/wp\/v2\/posts"}],"about":[{"href":"https:\/\/metzineres.org\/es\/wp-json\/wp\/v2\/types\/post"}],"author":[{"embeddable":true,"href":"https:\/\/metzineres.org\/es\/wp-json\/wp\/v2\/users\/1"}],"replies":[{"embeddable":true,"href":"https:\/\/metzineres.org\/es\/wp-json\/wp\/v2\/comments?post=2630"}],"version-history":[{"count":1,"href":"https:\/\/metzineres.org\/es\/wp-json\/wp\/v2\/posts\/2630\/revisions"}],"predecessor-version":[{"id":2634,"href":"https:\/\/metzineres.org\/es\/wp-json\/wp\/v2\/posts\/2630\/revisions\/2634"}],"wp:featuredmedia":[{"embeddable":true,"href":"https:\/\/metzineres.org\/es\/wp-json\/wp\/v2\/media\/2631"}],"wp:attachment":[{"href":"https:\/\/metzineres.org\/es\/wp-json\/wp\/v2\/media?parent=2630"}],"wp:term":[{"taxonomy":"category","embeddable":true,"href":"https:\/\/metzineres.org\/es\/wp-json\/wp\/v2\/categories?post=2630"},{"taxonomy":"post_tag","embeddable":true,"href":"https:\/\/metzineres.org\/es\/wp-json\/wp\/v2\/tags?post=2630"}],"curies":[{"name":"wp","href":"https:\/\/api.w.org\/{rel}","templated":true}]}}