{"id":2682,"date":"2024-02-27T22:45:08","date_gmt":"2024-02-27T22:45:08","guid":{"rendered":"https:\/\/metzineres.org\/?p=2682"},"modified":"2025-01-16T22:45:59","modified_gmt":"2025-01-16T22:45:59","slug":"las_metzineres_conquistando_el_macba","status":"publish","type":"post","link":"https:\/\/metzineres.org\/es\/las_metzineres_conquistando_el_macba\/","title":{"rendered":"Las Metzineres conquistando el MACBA"},"content":{"rendered":"<p class=\"western\">Que\u00a0<strong>mujeres y personas de g\u00e9nero diverso en m\u00faltiples situaciones de violencia y vulnerabilidad<\/strong>\u00a0expongan su arte en un museo, desgraciadamente, no es algo que ocurra todos los d\u00edas.<\/p>\n<p class=\"western\">Estos espacios son, casi siempre, inaccesibles e inalcanzables para las personas que nos situamos en los m\u00e1rgenes de la sociedad. Pero\u00a0<strong>nosotras siempre encontramos esas grietas y fisuras del sistema<\/strong>\u00a0a trav\u00e9s de las que colarnos, pues las dif\u00edciles vivencias que hemos atravesado nos han obligado y ense\u00f1ado a movernos de esa forma.<\/p>\n<p class=\"western\"><img decoding=\"async\" src=\"https:\/\/metzineres.net\/imgdata\/macba_expo_collages__2_.JPG\" \/><\/p>\n<p class=\"western\">El pasado 21 de febrero,\u00a0<strong>12 obras hechas por las Metzineres estuvieron expuestas en las paredes de la torre del Museo de Arte Contempor\u00e1neo de Barcelona (MACBA)<\/strong>\u00a0durante todo el d\u00eda.<\/p>\n<p><img decoding=\"async\" src=\"https:\/\/metzineres.net\/imgdata\/macba_expo_collages__3_.JPG\" \/><\/p>\n<p><img decoding=\"async\" src=\"https:\/\/metzineres.net\/imgdata\/macba_expo_collages__4_.JPG\" \/><\/p>\n<p class=\"western\">Las personas que pasaron por all\u00ed, algunas de casualidad y otras busc\u00e1ndonos, se detuvieron ante ellas y las observaron con detenimiento. Cada uno de los collages expresaba nuestras\u00a0<strong>distintas formas de imaginar un Raval posible y ut\u00f3pico, en el que nuestras existencias no se vean continuamente cuestionadas y criminalizadas<\/strong>\u00a0como hasta ahora.<\/p>\n<p class=\"western\">Las obras fueron admiradas, fotografiadas y alabadas, y algunas de nosotras estuvimos all\u00ed para presenciarlo en primera persona. Nos emocion\u00f3 y sorprendi\u00f3 gratamente este reconocimiento, y a la vez nos dio fuerzas para seguir so\u00f1ando a lo grande.\u00a0<strong>\u201c\u00a1De aqu\u00ed al MOMA!\u201d<\/strong>\u00a0\u2013como dijo una compa\u00f1era entre risas, refiri\u00e9ndose al Museo de Arte Moderno de Nueva York.<\/p>\n<p><img decoding=\"async\" src=\"https:\/\/metzineres.net\/imgdata\/macba_expo_collages__5_.JPG\" \/><\/p>\n<p><img decoding=\"async\" src=\"https:\/\/metzineres.net\/imgdata\/macba_expo_collages__6_.JPG\" \/><\/p>\n<p class=\"western\">Esta muestra ha sido posible en el marco de la\u00a0<strong>exposici\u00f3n \u2018108 d\u00edas\u2019 de la artista Lydia Ourahmame<\/strong>, una gran obra participativa y reivindicativa en la cual han participado 108 colectivos (uno por d\u00eda) con diferentes propuestas como charlas, pel\u00edculas, performances y otras acciones.<\/p>\n<p><img decoding=\"async\" src=\"https:\/\/metzineres.net\/imgdata\/macba_expo_collages__7_.JPG\" \/><\/p>\n<p><img decoding=\"async\" src=\"https:\/\/metzineres.net\/imgdata\/macba_expo_collages__8_.JPG\" \/><\/p>\n<p><img decoding=\"async\" src=\"https:\/\/metzineres.net\/imgdata\/macba_expo_collages__9_.JPG\" \/><\/p>\n<p class=\"western\"><a name=\"_GoBack\"><\/a>Ojal\u00e1 alg\u00fan d\u00eda, un hecho como este, no resulte un\u00a0<strong>acto subversivo y de resistencia.<\/strong><\/p>\n<p class=\"western\">Ojal\u00e1 alg\u00fan d\u00eda resulte completamente normal que personas como nosotrxs expresemos nuestros sentires a trav\u00e9s de cualquier tipo de arte y podamos compartirlos con el mundo, habiendo logrado\u00a0<strong>decolonizar y despatriarcalizar<\/strong>, por fin, estos espacios.<\/p>\n<p><img decoding=\"async\" src=\"https:\/\/metzineres.net\/imgdata\/macba_expo_collages__10_.JPG\" \/><\/p>\n<p><img decoding=\"async\" src=\"https:\/\/metzineres.net\/imgdata\/macba_expo_collages__11_.JPG\" \/><\/p>\n<p><em>Fotos de Andre Gaetano [Fot\u00f3grafa Metzineres]<\/em><\/p>\n","protected":false},"excerpt":{"rendered":"<p>Que\u00a0mujeres y personas de g\u00e9nero diverso en m\u00faltiples situaciones de violencia y vulnerabilidad\u00a0expongan su arte en un museo, desgraciadamente, no es algo que ocurra todos los d\u00edas. Estos espacios son, casi siempre, inaccesibles e inalcanzables para las personas que nos situamos en los m\u00e1rgenes de la sociedad. Pero\u00a0nosotras siempre encontramos esas grietas y fisuras del [&hellip;]<\/p>\n","protected":false},"author":1,"featured_media":2683,"comment_status":"open","ping_status":"open","sticky":false,"template":"","format":"standard","meta":{"footnotes":"","_links_to":"","_links_to_target":""},"categories":[8],"tags":[],"class_list":["post-2682","post","type-post","status-publish","format-standard","has-post-thumbnail","hentry","category-publicaciones"],"_links":{"self":[{"href":"https:\/\/metzineres.org\/es\/wp-json\/wp\/v2\/posts\/2682","targetHints":{"allow":["GET"]}}],"collection":[{"href":"https:\/\/metzineres.org\/es\/wp-json\/wp\/v2\/posts"}],"about":[{"href":"https:\/\/metzineres.org\/es\/wp-json\/wp\/v2\/types\/post"}],"author":[{"embeddable":true,"href":"https:\/\/metzineres.org\/es\/wp-json\/wp\/v2\/users\/1"}],"replies":[{"embeddable":true,"href":"https:\/\/metzineres.org\/es\/wp-json\/wp\/v2\/comments?post=2682"}],"version-history":[{"count":1,"href":"https:\/\/metzineres.org\/es\/wp-json\/wp\/v2\/posts\/2682\/revisions"}],"predecessor-version":[{"id":2686,"href":"https:\/\/metzineres.org\/es\/wp-json\/wp\/v2\/posts\/2682\/revisions\/2686"}],"wp:featuredmedia":[{"embeddable":true,"href":"https:\/\/metzineres.org\/es\/wp-json\/wp\/v2\/media\/2683"}],"wp:attachment":[{"href":"https:\/\/metzineres.org\/es\/wp-json\/wp\/v2\/media?parent=2682"}],"wp:term":[{"taxonomy":"category","embeddable":true,"href":"https:\/\/metzineres.org\/es\/wp-json\/wp\/v2\/categories?post=2682"},{"taxonomy":"post_tag","embeddable":true,"href":"https:\/\/metzineres.org\/es\/wp-json\/wp\/v2\/tags?post=2682"}],"curies":[{"name":"wp","href":"https:\/\/api.w.org\/{rel}","templated":true}]}}