{"id":2748,"date":"2023-12-11T02:03:41","date_gmt":"2023-12-11T02:03:41","guid":{"rendered":"https:\/\/metzineres.org\/?p=2748"},"modified":"2025-01-17T02:04:27","modified_gmt":"2025-01-17T02:04:27","slug":"descarriadas-y-visibles-contra-las-violencias-machistas","status":"publish","type":"post","link":"https:\/\/metzineres.org\/es\/descarriadas-y-visibles-contra-las-violencias-machistas\/","title":{"rendered":"Descarriadas y visibles contra las violencias machistas"},"content":{"rendered":"<p>Las mujeres que usamos drogas sufrimos violencia machista\u00a0<strong>25 veces<\/strong>\u00a0m\u00e1s que el resto. Muchas de nosotras nos encontramos en los m\u00e1rgenes de la sociedad por m\u00faltiples situaciones de vulnerabilidad como no tener hogar, estar en situaci\u00f3n administrativa irregular o tener diagn\u00f3sticos de salud mental y seguimos enfrent\u00e1ndonos a d\u00eda de hoy a las opresiones de este sistema patriarcal, racista, colonialista y LGTBIf\u00f3bico.<\/p>\n<p>Como si no hubiesen pasado casi 100 a\u00f1os, nuestras condiciones son todav\u00eda demasiado similares a las que vivieron las mujeres encerradas por el<strong>\u00a0\u2018Patronato de Protecci\u00f3n a la Mujer\u2019,<\/strong>\u00a0instituci\u00f3n franquista que depend\u00eda del Ministerio de Justicia y que dispuso, desde el 1941 hasta el 1984, de centros de represi\u00f3n regentados por \u00f3rdenes religiosas. All\u00ed\u00a0<strong>metieron a la fuerza a chicas<\/strong>\u00a0de 16 a 25 a\u00f1os\u00a0<strong>que ten\u00edan conductas consideradas \u2018inmorales\u2019<\/strong>\u00a0como besarse en p\u00fablico o caminar agarradas de otras mujeres, fumar, vestir de determinada forma, haber sido violadas, etc.<\/p>\n<p><img decoding=\"async\" src=\"https:\/\/metzineres.net\/imgdata\/fotos_manifestacio_24N_i_25N__3_.jpg\" \/><\/p>\n<p><img decoding=\"async\" src=\"https:\/\/metzineres.net\/imgdata\/fotos_manifestacio_24N_i_25N__4_.jpg\" \/><\/p>\n<p>As\u00ed, el \u2018Patronato de Protecci\u00f3n a la Mujer\u2019, lejos de proteger a las mujeres, fue el lugar a donde iban a parar las descarriadas, las que se atrev\u00edan a desafiar el statuo quo, las mujeres libres. Podr\u00edamos haber sido nosotras y, de hecho&#8230; lo somos. Porque<strong>\u00a0puede que las instituciones hayan cambiado de nombre,<\/strong>\u00a0pero siguen siendo regentadas por los mismos poderes y teniendo el mismo objetivo:\u00a0<strong>el control sobre nuestros cuerpos a trav\u00e9s de la represi\u00f3n, la violencia y la prohibici\u00f3n. \u00a0<\/strong><\/p>\n<p>Por todo esto, Metzineres hemos salido a las calles un a\u00f1o m\u00e1s en el\u00a0<strong>D\u00eda Internacional para la Eliminaci\u00f3n de las Violencias Machistas.<\/strong>\u00a0Porque consideramos que sigue siendo absolutamente necesario\u00a0<strong>denunciar la discriminaci\u00f3n, la estigmatizaci\u00f3n y la criminalizaci\u00f3n<\/strong>\u00a0que sufrimos, as\u00ed como hacer\u00a0<strong>memoria hist\u00f3rica con perspectiva feminista<\/strong>\u00a0para exigir, entre otras cosas, la reparaci\u00f3n de las instituciones que hicieron posible la existencia y los cr\u00edmenes cometidos por el Patronato.<\/p>\n<p><img decoding=\"async\" src=\"https:\/\/metzineres.net\/imgdata\/fotos_manifestacio_24N_i_25N__5_.jpg\" \/><\/p>\n<p>Este 2023 hemos salido, adem\u00e1s,<strong>\u00a0con las caras totalmente al descubierto,<\/strong>\u00a0sin m\u00e1scaras ni antifaces. Porque queremos que se nos vea. Porque ya no queremos escondernos m\u00e1s. Porque ya bastante tenemos con el hecho que<strong>\u00a0Estados y gobiernos<\/strong>\u00a0nos excluyan de los servicios de acogida y protecci\u00f3n, as\u00ed como de los recursos sanitarios, sociales, jur\u00eddicos, laborales y de vivienda; que los<strong>\u00a0medios de comunicaci\u00f3n<\/strong>\u00a0nos invisibilicen y deshumanicen tras las cifras y los titulares; y que<strong>\u00a0gran parte de la sociedad<\/strong>\u00a0nos trate como delincuentes, malas mujerxs, malas hijas y malas madres.<\/p>\n<p>Si algo tenemos claro es que no seremos nunca m\u00e1s an\u00f3nimas:\u00a0<strong>somos muchas, tenemos nombres y vivimos realidades diversas que debemos sacar a la luz.<\/strong>\u00a0Por eso, el 24N y el 25N cogimos las antorchas y nuestras pancartas luminosas y nos dejamos ver. Tambi\u00e9n nos hicimos o\u00edr, gritando una vez m\u00e1s que\u00a0<strong>somos feministas antiprohibicionistas.<\/strong>\u00a0Porque a lo largo de la historia se nos han prohibido (y se nos siguen prohibiendo) muchas cosas: estudiar, gestionar nuestro dinero, bailar, besarnos en p\u00fablico, fumar, beber o usar otras drogas, abortar\u2026 y hemos comprobado que, lejos de educar y disciplinar,<strong>\u00a0la prohibici\u00f3n \u00fanicamente lleva a la clandestinidad, a la desinformaci\u00f3n y a la violencia.\u00a0<\/strong><\/p>\n<p><img decoding=\"async\" src=\"https:\/\/metzineres.net\/imgdata\/fotos_manifestacio_24N_i_25N__6_.jpg\" \/><\/p>\n<p><img decoding=\"async\" src=\"https:\/\/metzineres.net\/imgdata\/fotos_manifestacio_24N_i_25N__7_.jpg\" \/><\/p>\n<p>Tras muchos a\u00f1os de trabajo,<strong>\u00a0ahora estamos organizadas y podemos luchar juntas<\/strong>, como lo hicimos tambi\u00e9n el s\u00e1bado 25 de noviembre, D\u00eda Internacional para la Eliminaci\u00f3n de las Violencias Machistas. Despu\u00e9s de leer en la puerta de nuestro local el\u00a0<strong>manifiesto<\/strong>\u00a0(link) que hemos publicado recientemente en el marco de la campa\u00f1a\u00a0<strong>#EVAWUD2023<\/strong>, salimos hacia Paseo de Gracia con Diagonal.<\/p>\n<p>Bailando entre plumas, llegamos a una marcha multitudinaria e intergeneracional. Nuestra presencia, la de aquellas que generalmente\u00a0<strong>no tenemos la oportunidad de ocupar ciertos espacios porque estamos ocupadas sobreviviendo<\/strong>, sirvi\u00f3 para poner de nuevo sobre la mesa algunas de nuestras reivindicaciones:\u00a0<strong>nuestra participaci\u00f3n<\/strong>\u00a0en la creaci\u00f3n, desarrollo y seguimiento de las pol\u00edticas que condicionan nuestras vidas; la garant\u00eda de<strong>\u00a0acceso a sistemas de protecci\u00f3n y denuncia<\/strong>\u00a0de violencias machistas, as\u00ed como a\u00a0<strong>la salud sexual y reproductiva<\/strong>; el\u00a0<strong>fin del prohibicionismo y de la criminalizaci\u00f3n<\/strong>; y la\u00a0<strong>expansi\u00f3n de la \u2018reducci\u00f3n de da\u00f1os de espectro completo\u2019<\/strong>, una perspectiva que aboga por deconstruir las falsas creencias sobre el consumo de sustancias y poner el foco en las condiciones de exclusi\u00f3n y marginaci\u00f3n que no permiten el bienestar de quienes han sido vulnerabilizadas.<\/p>\n<p><img decoding=\"async\" src=\"https:\/\/metzineres.net\/imgdata\/fotos_manifestacio_24N_i_25N__8_.jpg\" \/><\/p>\n<p>Ambas jornadas estuvieron marcadas, adem\u00e1s, por las proclamas de las compa\u00f1eras palestinas. Entre otros, el colectivo<strong>\u00a0\u2018Queers in Palestine\u2019<\/strong>\u00a0hizo un llamamiento a los grupos feministas interseccionales para que nos solidaricemos y nos comprometamos con su resistencia, as\u00ed como con las\u00a0<strong>luchas decoloniales<\/strong>\u00a0de todo el mundo. Tambi\u00e9n hubo otras compa\u00f1eras hablando de maternidades y crianzas libres, denunciando las<strong>\u00a0retiradas de custodia<\/strong>\u00a0y pidiendo la\u00a0<strong>abolici\u00f3n de la ley de extranjer\u00eda<\/strong>, exigencia a la cual nos unimos tambi\u00e9n como Metzineres.<\/p>\n<p>Podemos decir, al fin y al cabo, que hemos puesto el coraz\u00f3n y el alma una vez m\u00e1s para seguir reclamando el que nos pertenece. Pero, sobre todo, que hemos continuado (y continuaremos) celebrando que<strong>\u00a0estamos vivas, juntas y fuertes<\/strong>, y que ya\u00a0<strong>nadie nos podr\u00e1 parar.<\/strong><\/p>\n","protected":false},"excerpt":{"rendered":"<p>Las mujeres que usamos drogas sufrimos violencia machista\u00a025 veces\u00a0m\u00e1s que el resto. Muchas de nosotras nos encontramos en los m\u00e1rgenes de la sociedad por m\u00faltiples situaciones de vulnerabilidad como no tener hogar, estar en situaci\u00f3n administrativa irregular o tener diagn\u00f3sticos de salud mental y seguimos enfrent\u00e1ndonos a d\u00eda de hoy a las opresiones de este [&hellip;]<\/p>\n","protected":false},"author":1,"featured_media":2749,"comment_status":"open","ping_status":"open","sticky":false,"template":"","format":"standard","meta":{"footnotes":"","_links_to":"","_links_to_target":""},"categories":[8],"tags":[],"class_list":["post-2748","post","type-post","status-publish","format-standard","has-post-thumbnail","hentry","category-publicaciones"],"_links":{"self":[{"href":"https:\/\/metzineres.org\/es\/wp-json\/wp\/v2\/posts\/2748","targetHints":{"allow":["GET"]}}],"collection":[{"href":"https:\/\/metzineres.org\/es\/wp-json\/wp\/v2\/posts"}],"about":[{"href":"https:\/\/metzineres.org\/es\/wp-json\/wp\/v2\/types\/post"}],"author":[{"embeddable":true,"href":"https:\/\/metzineres.org\/es\/wp-json\/wp\/v2\/users\/1"}],"replies":[{"embeddable":true,"href":"https:\/\/metzineres.org\/es\/wp-json\/wp\/v2\/comments?post=2748"}],"version-history":[{"count":1,"href":"https:\/\/metzineres.org\/es\/wp-json\/wp\/v2\/posts\/2748\/revisions"}],"predecessor-version":[{"id":2752,"href":"https:\/\/metzineres.org\/es\/wp-json\/wp\/v2\/posts\/2748\/revisions\/2752"}],"wp:featuredmedia":[{"embeddable":true,"href":"https:\/\/metzineres.org\/es\/wp-json\/wp\/v2\/media\/2749"}],"wp:attachment":[{"href":"https:\/\/metzineres.org\/es\/wp-json\/wp\/v2\/media?parent=2748"}],"wp:term":[{"taxonomy":"category","embeddable":true,"href":"https:\/\/metzineres.org\/es\/wp-json\/wp\/v2\/categories?post=2748"},{"taxonomy":"post_tag","embeddable":true,"href":"https:\/\/metzineres.org\/es\/wp-json\/wp\/v2\/tags?post=2748"}],"curies":[{"name":"wp","href":"https:\/\/api.w.org\/{rel}","templated":true}]}}