{"id":4666,"date":"2025-09-25T17:01:46","date_gmt":"2025-09-25T17:01:46","guid":{"rendered":"https:\/\/metzineres.org\/?p=4666"},"modified":"2025-12-03T12:00:17","modified_gmt":"2025-12-03T12:00:17","slug":"fortaleciendo-los-cuidados-y-las-redes-de-cooperacion","status":"publish","type":"post","link":"https:\/\/metzineres.org\/es\/fortaleciendo-los-cuidados-y-las-redes-de-cooperacion\/","title":{"rendered":"Fortaleciendo los cuidados y las redes de cooperaci\u00f3n"},"content":{"rendered":"<p>Los Proyectos Estrat\u00e9gicos para la Recuperaci\u00f3n y la Transformaci\u00f3n Econ\u00f3mica (PERTE)\u00a0 financiados por el\u00a0 Ministerio para la Transici\u00f3n Ecol\u00f3gica y el Reto Demogr\u00e1fico del estado espa\u00f1ol son proyectos de car\u00e1cter estrat\u00e9gico que buscan la transformaci\u00f3n de la econom\u00eda en distintas \u00e1reas estrat\u00e9gicas, una de estas l\u00edneas, es la de econom\u00eda social y los cuidados, que pretende potenciar y consolidar las alianzas entre los centros de investigaci\u00f3n, organizaciones, cooperativas y entidades de todo el pa\u00eds que trabajan en la econom\u00eda social y de los cuidados. La agrupaci\u00f3n Innova Cuidados, compuesta por las cooperativas Mujeres Pa\u2019 Lante y Metzineres (situadas en Barcelona) y La Comala (situada en Madrid), cont\u00f3 con el apoyo de este PERTE desde febrero de 2024 hasta septiembre de 2025\u00a0 permitiendo fortalecer sus capacidades, tejiendo alianzas y generado herramientas reales para mejorar los cuidados y la gesti\u00f3n de cada una de las cooperativas y reforzar el trabajo de intercooperaci\u00f3n.<\/p>\n<p>En Metzineres se ha visto reflejado en un importante fortalecimiento institucional. Este proceso nos permiti\u00f3 desarrollar herramientas claves para consolidar nuestra organizaci\u00f3n: el Metziverso y el Plan Estrat\u00e9gico a 5 a\u00f1os, el Plan piloto de Formaci\u00f3n Interna y externa, las Pol\u00edticas de RR.HH., el borrador del Plan de Igualdad y el Plan de Voluntariado. Avanzamos as\u00ed hacia una cooperativa m\u00e1s s\u00f3lida, cuidada y sostenible. En tanto en materia de innovaci\u00f3n tecnol\u00f3gica, hemos afianzado procesos tanto en la parte de infraestructura de las TIC\u2019s internas como as\u00ed tambi\u00e9n en el proyecto de la Metzintranet (base de datos propia). El resultado en t\u00e9rminos de transformaci\u00f3n, modernizaci\u00f3n e innovaci\u00f3n es altamente satisfactorio, apostar por herramientas de software libre, servicios tecnol\u00f3gicos de proximidad, y consciencia tecno\u00e9tica compartida.<\/p>\n<p><img loading=\"lazy\" decoding=\"async\" class=\"size-medium wp-image-4670 alignleft\" src=\"https:\/\/metzineres.org\/wp-content\/uploads\/2025\/11\/WhatsApp-Image-2025-06-23-at-08.26.252-300x300.jpg\" alt=\"\" width=\"300\" height=\"300\" srcset=\"https:\/\/metzineres.org\/wp-content\/uploads\/2025\/11\/WhatsApp-Image-2025-06-23-at-08.26.252-300x300.jpg 300w, https:\/\/metzineres.org\/wp-content\/uploads\/2025\/11\/WhatsApp-Image-2025-06-23-at-08.26.252-1024x1024.jpg 1024w, https:\/\/metzineres.org\/wp-content\/uploads\/2025\/11\/WhatsApp-Image-2025-06-23-at-08.26.252-150x150.jpg 150w, https:\/\/metzineres.org\/wp-content\/uploads\/2025\/11\/WhatsApp-Image-2025-06-23-at-08.26.252-768x768.jpg 768w, https:\/\/metzineres.org\/wp-content\/uploads\/2025\/11\/WhatsApp-Image-2025-06-23-at-08.26.252-100x100.jpg 100w\" sizes=\"auto, (max-width: 300px) 100vw, 300px\" \/><\/p>\n<p>Por su parte, La Comala cierra este proceso fortalecida tambi\u00e9n. El apoyo del PERTE facilit\u00f3 definir con claridad la estructura, gobernabilidad y comunicaci\u00f3n organizativa. A su vez, ha definido el 2\u00ba plan de viabilidad que nutre la sostenibilidad econ\u00f3mica, social y ambiental. Las herramientas digitales han reforzado el sistema de gesti\u00f3n administrativa. Y la formaci\u00f3n en las TICs, habilidades para la vida, certificado de profesionalidad y el PRL, entre otras, han aportado a la consolidaci\u00f3n del equipo y el crecimiento personal y cooperativo. Adem\u00e1s de potenciar alianzas vitales en la ESS.\u00a0 Avanzamos mucho y a\u00fan queda camino para consolidar lo logrado.<\/p>\n<p>En tanto, para\u00a0 la Cooperativa Mujeres Pa\u2019lante esta subvenci\u00f3n recibida permiti\u00f3 dar el impulso para llegar al siguiente nivel y continuar creciendo: ampliando el equipo laboral, abrir una nueva l\u00ednea de negocio y sumar m\u00e1s empleo. Tambi\u00e9n permiti\u00f3 actualizar equipos y herramientas, renovar la p\u00e1gina web de la entidad\u00a0 y fortalecer el \u00e1rea de comunicaci\u00f3n. En palabras de una de sus integrantes, \u201choy somos una marca m\u00e1s fuerte, m\u00e1s visible y con mayor impacto en un sector altamente feminizado.\u201d<\/p>\n<p>Como conclusi\u00f3n conjunta, podemos decir que el PERTE 2024-2025 ha contribuido a dar un salto cualitativo para la agrupaci\u00f3n Innova Cuidados, integrada por las cooperativas Mujeres Pa\u2019 Lante, La Comala y Metzineres. Los resultados globales son que\u00a0 fortalecimos nuestros procesos internos y de gesti\u00f3n. A su vez, mejoramos equipos, servicios y dotaci\u00f3n de personal para cuidarnos mejor. Innovamos creando\u00a0 o fortaleciendo nuevas l\u00edneas de negocio y herramientas digitales adaptadas a nuestras realidades. Realizamos diagn\u00f3sticos que nos permiten avanzar hacia cooperativas m\u00e1s \u00e1giles y resilientes. Impulsamos la sensibilizaci\u00f3n e hicimos incidencia a trav\u00e9s\u00a0\u00a0 de llevar a cabo el congreso estatal sobre un\u00a0 nuevo modelo de cuidados en Barcelona en el mes de junio de este a\u00f1o y que llamamos \u201cjornadas cuidar en comunidad\u201d en la que asistieron entidades del sector de diferentes partes del estado espa\u00f1ol.<\/p>\n<p>Ante las adversidades y la coyuntura mundial actual, este camino recorrido y compartido demuestra el poder de la cooperaci\u00f3n y la ESS. Seguimos tejiendo alianzas para transformar los cuidados desde lo comunitario.<\/p>\n<p>&nbsp;<\/p>\n<p><img loading=\"lazy\" decoding=\"async\" class=\"wp-image-4676 alignnone\" src=\"https:\/\/metzineres.org\/wp-content\/uploads\/2025\/11\/LOGOPOSITIVO.png\" alt=\"\" width=\"204\" height=\"115\" srcset=\"https:\/\/metzineres.org\/wp-content\/uploads\/2025\/11\/LOGOPOSITIVO.png 1920w, https:\/\/metzineres.org\/wp-content\/uploads\/2025\/11\/LOGOPOSITIVO-1536x864.png 1536w, https:\/\/metzineres.org\/wp-content\/uploads\/2025\/11\/LOGOPOSITIVO-600x338.png 600w\" sizes=\"auto, (max-width: 204px) 100vw, 204px\" \/><img loading=\"lazy\" decoding=\"async\" class=\"wp-image-4673 alignnone\" src=\"https:\/\/metzineres.org\/wp-content\/uploads\/2025\/11\/ES_FundedbytheEU_RGB_POS.png\" alt=\"\" width=\"411\" height=\"100\" srcset=\"https:\/\/metzineres.org\/wp-content\/uploads\/2025\/11\/ES_FundedbytheEU_RGB_POS.png 3781w, https:\/\/metzineres.org\/wp-content\/uploads\/2025\/11\/ES_FundedbytheEU_RGB_POS-1536x373.png 1536w, https:\/\/metzineres.org\/wp-content\/uploads\/2025\/11\/ES_FundedbytheEU_RGB_POS-2048x498.png 2048w, https:\/\/metzineres.org\/wp-content\/uploads\/2025\/11\/ES_FundedbytheEU_RGB_POS-600x146.png 600w\" sizes=\"auto, (max-width: 411px) 100vw, 411px\" \/><\/p>\n","protected":false},"excerpt":{"rendered":"<p>Los Proyectos Estrat\u00e9gicos para la Recuperaci\u00f3n y la Transformaci\u00f3n Econ\u00f3mica (PERTE)\u00a0 financiados por el\u00a0 Ministerio para la Transici\u00f3n Ecol\u00f3gica y el Reto Demogr\u00e1fico del estado espa\u00f1ol son proyectos de car\u00e1cter estrat\u00e9gico que buscan la transformaci\u00f3n de la econom\u00eda en distintas \u00e1reas estrat\u00e9gicas, una de estas l\u00edneas, es la de econom\u00eda social y los cuidados, que [&hellip;]<\/p>\n","protected":false},"author":2,"featured_media":4667,"comment_status":"open","ping_status":"open","sticky":false,"template":"","format":"standard","meta":{"footnotes":"","_links_to":"","_links_to_target":""},"categories":[8],"tags":[],"class_list":["post-4666","post","type-post","status-publish","format-standard","has-post-thumbnail","hentry","category-publicaciones"],"_links":{"self":[{"href":"https:\/\/metzineres.org\/es\/wp-json\/wp\/v2\/posts\/4666","targetHints":{"allow":["GET"]}}],"collection":[{"href":"https:\/\/metzineres.org\/es\/wp-json\/wp\/v2\/posts"}],"about":[{"href":"https:\/\/metzineres.org\/es\/wp-json\/wp\/v2\/types\/post"}],"author":[{"embeddable":true,"href":"https:\/\/metzineres.org\/es\/wp-json\/wp\/v2\/users\/2"}],"replies":[{"embeddable":true,"href":"https:\/\/metzineres.org\/es\/wp-json\/wp\/v2\/comments?post=4666"}],"version-history":[{"count":5,"href":"https:\/\/metzineres.org\/es\/wp-json\/wp\/v2\/posts\/4666\/revisions"}],"predecessor-version":[{"id":4695,"href":"https:\/\/metzineres.org\/es\/wp-json\/wp\/v2\/posts\/4666\/revisions\/4695"}],"wp:featuredmedia":[{"embeddable":true,"href":"https:\/\/metzineres.org\/es\/wp-json\/wp\/v2\/media\/4667"}],"wp:attachment":[{"href":"https:\/\/metzineres.org\/es\/wp-json\/wp\/v2\/media?parent=4666"}],"wp:term":[{"taxonomy":"category","embeddable":true,"href":"https:\/\/metzineres.org\/es\/wp-json\/wp\/v2\/categories?post=4666"},{"taxonomy":"post_tag","embeddable":true,"href":"https:\/\/metzineres.org\/es\/wp-json\/wp\/v2\/tags?post=4666"}],"curies":[{"name":"wp","href":"https:\/\/api.w.org\/{rel}","templated":true}]}}